{"id":1494,"date":"2020-07-30T10:26:43","date_gmt":"2020-07-30T08:26:43","guid":{"rendered":"https:\/\/wirtschaftspost-online.de\/?p=1494"},"modified":"2020-08-03T15:12:16","modified_gmt":"2020-08-03T13:12:16","slug":"arbeitsmarktbericht-agenturbezirk-magdeburg-juli-2020","status":"publish","type":"post","link":"https:\/\/wirtschaftspost-online.de\/?p=1494","title":{"rendered":"Arbeitsmarktbericht Agenturbezirk Magdeburg Juli 2020"},"content":{"rendered":"\n<p><strong>(30.07.2020) Arbeitsmarkt im Juli 2020 verbleibt auf dem Niveau des Vormonats \/ Nachfrage am Arbeitsmarkt nimmt ab<\/strong><\/p>\n\n\n<p><img loading=\"lazy\" decoding=\"async\" class=\"wp-image-896 alignright\" src=\"https:\/\/wirtschaftspost-online.de\/wp-content\/uploads\/2020\/04\/Portrait_Matthias_Kaschte-april-2020-4-188x300.jpg\" alt=\"\" width=\"122\" height=\"195\" srcset=\"https:\/\/wirtschaftspost-online.de\/wp-content\/uploads\/2020\/04\/Portrait_Matthias_Kaschte-april-2020-4-188x300.jpg 188w, https:\/\/wirtschaftspost-online.de\/wp-content\/uploads\/2020\/04\/Portrait_Matthias_Kaschte-april-2020-4-643x1024.jpg 643w, https:\/\/wirtschaftspost-online.de\/wp-content\/uploads\/2020\/04\/Portrait_Matthias_Kaschte-april-2020-4-768x1223.jpg 768w, https:\/\/wirtschaftspost-online.de\/wp-content\/uploads\/2020\/04\/Portrait_Matthias_Kaschte-april-2020-4-964x1536.jpg 964w, https:\/\/wirtschaftspost-online.de\/wp-content\/uploads\/2020\/04\/Portrait_Matthias_Kaschte-april-2020-4-1286x2048.jpg 1286w, https:\/\/wirtschaftspost-online.de\/wp-content\/uploads\/2020\/04\/Portrait_Matthias_Kaschte-april-2020-4-650x1035.jpg 650w, https:\/\/wirtschaftspost-online.de\/wp-content\/uploads\/2020\/04\/Portrait_Matthias_Kaschte-april-2020-4-300x478.jpg 300w, https:\/\/wirtschaftspost-online.de\/wp-content\/uploads\/2020\/04\/Portrait_Matthias_Kaschte-april-2020-4-1320x2102.jpg 1320w, https:\/\/wirtschaftspost-online.de\/wp-content\/uploads\/2020\/04\/Portrait_Matthias_Kaschte-april-2020-4.jpg 1321w\" sizes=\"auto, (max-width: 122px) 100vw, 122px\" \/>\u201eDie Arbeitslosigkeit ist \u2013 auch aufgrund der notwendigen Ma\u00dfnahmen zur Eind\u00e4mmung der Corona-Pandemie- weiterhin auf hohem Niveau, blieb aber im Vergleich zum Vormonat unver\u00e4ndert\u201c, erkl\u00e4rt Matthias Kaschte, Chef der Magdeburger Arbeitsagentur (Foto). <br \/>\u201eDurch die nach wie vor hohe Inanspruchnahme des Kurzarbeitergeldes in den Unternehmen konnte ein weiterer Anstieg der Arbeitslosigkeit bislang verhindert werden. Auch die sonst saisontypisch ansteigende Zahl an Arbeitslosmeldungen von jungen Menschen, die nach ihrer Ausbildung nicht nahtlos in ein Besch\u00e4ftigungsverh\u00e4ltnis \u00fcbergehen oder vom Ausbildungsbetrieb \u00fcbernommen werden, ist ausgeblieben. Ursache hierf\u00fcr k\u00f6nnten verschobene Pr\u00fcfungstermine sein&#8220;, erg\u00e4nzt er.<\/p>\n\n\n<p>Insgesamt 20.864 Personen waren im Agenturbezirk Magdeburg arbeitslos gemeldet, die Zahl der Arbeitslosen ist damit im Vergleich zum Juni nahezu gleich geblieben (-1 Person).<br><br>Im Vergleich zum Vorjahr ist die Arbeitslosigkeit jedoch um 2.815 Personen bzw. 15,6 Prozent erheblich gestiegen. Zum Agenturbezirk Magdeburg, geh\u00f6ren neben der Landeshauptstadt auch die B\u00f6rde und das Jerichower Land.<br><br>Die Arbeitslosenquote betrug im Juli 8,0 Prozent und war damit gegen\u00fcber dem Vormonat unver\u00e4ndert und 1,1 Prozentpunkte h\u00f6her im Juni des Vorjahres. Im Juli ist haben sich 1.343 Personen aus einer Besch\u00e4ftigung am 1. Arbeitsmarkt heraus arbeitslos gemeldet, das sind 127 mehr als im Juni. Die Nachfrage am Arbeitsmarkt stagniert, sodass lediglich 1.163 Menschen eine neue Besch\u00e4ftigung aufgenommen haben (-106 gegen\u00fcber<br>Juni).<br>  <\/p>\n\n\n\n<p><strong>Unterbesch\u00e4ftigung<\/strong><br><br>Der Blick auf die Unterbesch\u00e4ftigung zeichnet ein umfassendes Bild von der Verfassung des Arbeitsmarktes. Denn hier werden neben Arbeitslosen auch Teilnehmer in Ma\u00dfnahmen, Weiterbildungen, Vorruhestandsregelungen und arbeitsunf\u00e4hig Erkrankte erfasst.<br><br>Die Auswirkungen der Coronakrise sind auch bei der Unterbesch\u00e4ftigung sichtbar. Jedoch nicht so stark wie bei der Arbeitslosigkeit, weil die Unterbesch\u00e4ftigung auch die Wirkung arbeitsmarktpolitischer<br>Ma\u00dfnahmen abbildet. Die Zahl der Menschen in Unterbesch\u00e4ftigung (ohne Kurzarbeit) belief sich im Juli 2020 auf 28.033, das sind 134 Personen mehr als im Vormonat und 1.242 mehr als im Vorjahresmonat. Die Unterbesch\u00e4ftigungsquote betr\u00e4gt aktuell 10,4 Prozent.<br>  <\/p>\n\n\n\n<p><strong>Aktueller Arbeitskr\u00e4ftebedarf<\/strong><br><br>Der Bestand an gemeldeten Arbeitsstellen bel\u00e4uft sich im Juli auf 6.760 (- 87 gg\u00fc. Juni). Der Neuzugang offener Stellen ist im Vergleich zum Vormonat um 878 deutlich auf 961 gesunken.<br><br>Die meisten vorhandenen Stellenangebote kommen aus den Berufsgruppen Verkehr und Lo-gistik (1.890 Stellen, z.B. Berufskraftfahrer und Lagerfachkr\u00e4fte), Gesundheit und Soziales (1.562 Stellen, z.B. Altenpfleger) und Rohstoffgewinnung, Produktion und Fertigung (1.394Stellen, z.B. Mechatroniker).<br> <\/p>\n","protected":false},"excerpt":{"rendered":"<p>(30.07.2020) Arbeitsmarkt im Juli 2020 verbleibt auf dem Niveau des Vormonats \/ Nachfrage am Arbeitsmarkt nimmt ab \u201eDie Arbeitslosigkeit ist \u2013 auch aufgrund der notwendigen Ma\u00dfnahmen zur Eind\u00e4mmung der Corona-Pandemie- weiterhin auf hohem Niveau, blieb aber im Vergleich zum Vormonat <a class=\"more-link\" href=\"https:\/\/wirtschaftspost-online.de\/?p=1494\">[ . . . ]<\/a><\/p>\n","protected":false},"author":4,"featured_media":0,"comment_status":"closed","ping_status":"closed","sticky":false,"template":"","format":"standard","meta":{"footnotes":""},"categories":[1],"tags":[],"class_list":["post-1494","post","type-post","status-publish","format-standard","hentry","category-allgemein"],"aioseo_notices":[],"_links":{"self":[{"href":"https:\/\/wirtschaftspost-online.de\/index.php?rest_route=\/wp\/v2\/posts\/1494","targetHints":{"allow":["GET"]}}],"collection":[{"href":"https:\/\/wirtschaftspost-online.de\/index.php?rest_route=\/wp\/v2\/posts"}],"about":[{"href":"https:\/\/wirtschaftspost-online.de\/index.php?rest_route=\/wp\/v2\/types\/post"}],"author":[{"embeddable":true,"href":"https:\/\/wirtschaftspost-online.de\/index.php?rest_route=\/wp\/v2\/users\/4"}],"replies":[{"embeddable":true,"href":"https:\/\/wirtschaftspost-online.de\/index.php?rest_route=%2Fwp%2Fv2%2Fcomments&post=1494"}],"version-history":[{"count":8,"href":"https:\/\/wirtschaftspost-online.de\/index.php?rest_route=\/wp\/v2\/posts\/1494\/revisions"}],"predecessor-version":[{"id":1545,"href":"https:\/\/wirtschaftspost-online.de\/index.php?rest_route=\/wp\/v2\/posts\/1494\/revisions\/1545"}],"wp:attachment":[{"href":"https:\/\/wirtschaftspost-online.de\/index.php?rest_route=%2Fwp%2Fv2%2Fmedia&parent=1494"}],"wp:term":[{"taxonomy":"category","embeddable":true,"href":"https:\/\/wirtschaftspost-online.de\/index.php?rest_route=%2Fwp%2Fv2%2Fcategories&post=1494"},{"taxonomy":"post_tag","embeddable":true,"href":"https:\/\/wirtschaftspost-online.de\/index.php?rest_route=%2Fwp%2Fv2%2Ftags&post=1494"}],"curies":[{"name":"wp","href":"https:\/\/api.w.org\/{rel}","templated":true}]}}