{"id":1603,"date":"2020-08-31T15:01:26","date_gmt":"2020-08-31T13:01:26","guid":{"rendered":"https:\/\/wirtschaftspost-online.de\/?p=1603"},"modified":"2020-09-02T10:04:31","modified_gmt":"2020-09-02T08:04:31","slug":"it-verband-sachsen-anhalt-unterstuetzt-nachwuchs-it-talente-und-it-experten-gemeinsam-bei-devdays-workshops","status":"publish","type":"post","link":"https:\/\/wirtschaftspost-online.de\/?p=1603","title":{"rendered":"IT-Verband Sachsen-Anhalt unterst\u00fctzt Nachwuchs"},"content":{"rendered":"\n<h3 class=\"wp-block-heading\">IT-Talente und IT-Experten gemeinsam bei DEVDAYS-Workshops<\/h3>\n\n\n\n<p>(31.08.2020) Am heutigen Montag arbeiten im AMO-Kulturhaus in Magdeburg IT-Talente und IT-Experten gemeinsam in Workshops. Die Workshops sind Teil der Magdeburger Developer Days, der gr\u00f6\u00dften Community-Entwickler-Konferenz in den neuen L\u00e4ndern. Auch wenn die Konferenz 2020 aufgrund der Covid-19-Pandemie verschoben wurde, finden die Workshops trotzdem statt. Um so vielen Interessierten wie m\u00f6glich die Teilnahme m\u00f6glich zu machen, werden die Workshops als Pr\u00e4senzveranstaltung, virtuell und auch hybrid angeboten.<\/p>\n\n\n\n<p>\u201eIch freue mich riesig, dass wir die Workshops durchf\u00fchren k\u00f6nnen. Genauso freue ich mich, dass IT-Talente aus dem Werner-von-Siemens-Gymnasium und der Landesschule Pforta teilnehmen. Ich habe gro\u00dfen Respekt vor unseren Sch\u00fclerinnen und Sch\u00fclern. Denn sie arbeiten hier mit gestandenen Entwicklern. Auch die Themen wie \u201eHands-On: .NET Core \u2013 Architekturen f\u00fcr den praktischen Einsatz\u201c sind keine Leichtgewichte. Umso mehr w\u00fcnsche ich ihnen einen spannenden Tag, an dem sie ganz viel mitnehmen. Und nat\u00fcrlich hoffe ich, dass sie sich sp\u00e4ter f\u00fcr ein IT-Studium entscheiden und so ihren Berufsweg finden\u201c sagt Veranstalter Michel Blume, Gesch\u00e4ftsf\u00fchrer der CurrentSystem23 GmbH in Magdeburg.<br><\/p>\n\n\n\n<figure class=\"wp-block-image size-large\"><img loading=\"lazy\" decoding=\"async\" width=\"1024\" height=\"318\" src=\"https:\/\/wirtschaftspost-online.de\/wp-content\/uploads\/2020\/08\/vlnr.-Stefanie-Blume-Michael-Blume-Veranstalter-SchuelerInnen-des-Werner-von-Siemens-Gymnaisums-und-der-Landesschule-Pforta-Marco-Langhof-Vorsitzender-VITM-1024x318.jpg\" alt=\"\" class=\"wp-image-1604\" srcset=\"https:\/\/wirtschaftspost-online.de\/wp-content\/uploads\/2020\/08\/vlnr.-Stefanie-Blume-Michael-Blume-Veranstalter-SchuelerInnen-des-Werner-von-Siemens-Gymnaisums-und-der-Landesschule-Pforta-Marco-Langhof-Vorsitzender-VITM-1024x318.jpg 1024w, https:\/\/wirtschaftspost-online.de\/wp-content\/uploads\/2020\/08\/vlnr.-Stefanie-Blume-Michael-Blume-Veranstalter-SchuelerInnen-des-Werner-von-Siemens-Gymnaisums-und-der-Landesschule-Pforta-Marco-Langhof-Vorsitzender-VITM-300x93.jpg 300w, https:\/\/wirtschaftspost-online.de\/wp-content\/uploads\/2020\/08\/vlnr.-Stefanie-Blume-Michael-Blume-Veranstalter-SchuelerInnen-des-Werner-von-Siemens-Gymnaisums-und-der-Landesschule-Pforta-Marco-Langhof-Vorsitzender-VITM-768x238.jpg 768w, https:\/\/wirtschaftspost-online.de\/wp-content\/uploads\/2020\/08\/vlnr.-Stefanie-Blume-Michael-Blume-Veranstalter-SchuelerInnen-des-Werner-von-Siemens-Gymnaisums-und-der-Landesschule-Pforta-Marco-Langhof-Vorsitzender-VITM-1536x477.jpg 1536w, https:\/\/wirtschaftspost-online.de\/wp-content\/uploads\/2020\/08\/vlnr.-Stefanie-Blume-Michael-Blume-Veranstalter-SchuelerInnen-des-Werner-von-Siemens-Gymnaisums-und-der-Landesschule-Pforta-Marco-Langhof-Vorsitzender-VITM-2048x636.jpg 2048w, https:\/\/wirtschaftspost-online.de\/wp-content\/uploads\/2020\/08\/vlnr.-Stefanie-Blume-Michael-Blume-Veranstalter-SchuelerInnen-des-Werner-von-Siemens-Gymnaisums-und-der-Landesschule-Pforta-Marco-Langhof-Vorsitzender-VITM-650x202.jpg 650w, https:\/\/wirtschaftspost-online.de\/wp-content\/uploads\/2020\/08\/vlnr.-Stefanie-Blume-Michael-Blume-Veranstalter-SchuelerInnen-des-Werner-von-Siemens-Gymnaisums-und-der-Landesschule-Pforta-Marco-Langhof-Vorsitzender-VITM-1320x410.jpg 1320w\" sizes=\"auto, (max-width: 1024px) 100vw, 1024px\" \/><figcaption>(v.l.n.r.) Stefanie Blume, Michael Blume (Veranstalter), Sch\u00fclerInnen des Werner-von-Siemens-Gymnaisums und der Landesschule Pforta, Marco Langhof (Vorsitzender VITM)<\/figcaption><\/figure>\n\n\n\n<p>\u201eIch bewundere den Enthusiasmus und den Mut der Sch\u00fclerinnen und Sch\u00fcler. Dass sie sich der Herausforderung eines solchen Workshops stellen, ist mehr als bewundernswert. Wir brauchen in Sachsen-Anhalt jeden IT-ler &nbsp;\u2013 egal ob in der IT-Wirtschaft oder in allen anderen Branchen. Die Wirtschaft wird jeden Tag digitaler und um weiter erfolgreich arbeiten zu k\u00f6nnen, k\u00fcmmern wir uns heute um die IT-Fachfrauen und -m\u00e4nner von morgen. Wir als IT-Verband arbeiten seit vielen Jahren auf allen Ebenen an der Nachwuchsgewinnung. Deshalb stellen wir auch gern die Tickets f\u00fcr die Workshops heute zur Verf\u00fcgung. Auch ich w\u00fcnsche den Sch\u00fclerinnen und Sch\u00fclern heute viel Erfolg, Spa\u00df und jede Menge neue Erkenntnisse\u201c, erkl\u00e4rt &nbsp;Marco Langhof, Vorsitzender vom Verband der IT- und Multimediaindustrie Sachsen-Anhalt e. V. (VITM).<\/p>\n","protected":false},"excerpt":{"rendered":"<p>IT-Talente und IT-Experten gemeinsam bei DEVDAYS-Workshops (31.08.2020) Am heutigen Montag arbeiten im AMO-Kulturhaus in Magdeburg IT-Talente und IT-Experten gemeinsam in Workshops. Die Workshops sind Teil der Magdeburger Developer Days, der gr\u00f6\u00dften Community-Entwickler-Konferenz in den neuen L\u00e4ndern. Auch wenn die Konferenz <a class=\"more-link\" href=\"https:\/\/wirtschaftspost-online.de\/?p=1603\">[ . . . ]<\/a><\/p>\n","protected":false},"author":4,"featured_media":0,"comment_status":"closed","ping_status":"closed","sticky":false,"template":"","format":"standard","meta":{"footnotes":""},"categories":[1],"tags":[],"class_list":["post-1603","post","type-post","status-publish","format-standard","hentry","category-allgemein"],"aioseo_notices":[],"_links":{"self":[{"href":"https:\/\/wirtschaftspost-online.de\/index.php?rest_route=\/wp\/v2\/posts\/1603","targetHints":{"allow":["GET"]}}],"collection":[{"href":"https:\/\/wirtschaftspost-online.de\/index.php?rest_route=\/wp\/v2\/posts"}],"about":[{"href":"https:\/\/wirtschaftspost-online.de\/index.php?rest_route=\/wp\/v2\/types\/post"}],"author":[{"embeddable":true,"href":"https:\/\/wirtschaftspost-online.de\/index.php?rest_route=\/wp\/v2\/users\/4"}],"replies":[{"embeddable":true,"href":"https:\/\/wirtschaftspost-online.de\/index.php?rest_route=%2Fwp%2Fv2%2Fcomments&post=1603"}],"version-history":[{"count":2,"href":"https:\/\/wirtschaftspost-online.de\/index.php?rest_route=\/wp\/v2\/posts\/1603\/revisions"}],"predecessor-version":[{"id":1611,"href":"https:\/\/wirtschaftspost-online.de\/index.php?rest_route=\/wp\/v2\/posts\/1603\/revisions\/1611"}],"wp:attachment":[{"href":"https:\/\/wirtschaftspost-online.de\/index.php?rest_route=%2Fwp%2Fv2%2Fmedia&parent=1603"}],"wp:term":[{"taxonomy":"category","embeddable":true,"href":"https:\/\/wirtschaftspost-online.de\/index.php?rest_route=%2Fwp%2Fv2%2Fcategories&post=1603"},{"taxonomy":"post_tag","embeddable":true,"href":"https:\/\/wirtschaftspost-online.de\/index.php?rest_route=%2Fwp%2Fv2%2Ftags&post=1603"}],"curies":[{"name":"wp","href":"https:\/\/api.w.org\/{rel}","templated":true}]}}