{"id":1606,"date":"2020-09-02T09:30:03","date_gmt":"2020-09-02T07:30:03","guid":{"rendered":"https:\/\/wirtschaftspost-online.de\/?p=1606"},"modified":"2020-09-08T12:15:17","modified_gmt":"2020-09-08T10:15:17","slug":"agentur-fuer-arbeit-magdeburg-arbeitsmarktbericht-agenturbezirk-magdeburg-fuer-august-2020","status":"publish","type":"post","link":"https:\/\/wirtschaftspost-online.de\/?p=1606","title":{"rendered":"Arbeitsmarktbericht Agenturbezirk Magdeburg f\u00fcr August 2020"},"content":{"rendered":"\n<p><strong>(01.09.2020) Arbeitslosigkeit durch Corona-Pandemie weiterhin hoch \/ \u00fcbliche saisonale Entwicklungen des Arbeitsmarktes stellen sich wieder ein \u2013 Arbeitslosigkeit im August deshalb angestiegen<\/strong><\/p>\n\n\n\n<div class=\"wp-block-image\"><figure class=\"alignright is-resized\"><img loading=\"lazy\" decoding=\"async\" src=\"https:\/\/wirtschaftspost-online.de\/wp-content\/uploads\/2020\/04\/Kaschte-4.jpg\" alt=\"\" class=\"wp-image-946\" width=\"137\" height=\"182\"\/><\/figure><\/div>\n\n\n\n<p>\u201eDie Arbeitslosigkeit ist durch die Corona-Pandemie weiterhin deutlich h\u00f6her als im letzten Jahr\u201c, erkl\u00e4rt Matthias Kaschte, Chef der Magdeburger Arbeitsagentur (Foto). \u201eDer zus\u00e4tzliche Anstieg im August 2020 entspricht jedoch der \u00fcblichen saisonalen Entwicklung, da Arbeitsvertr\u00e4ge auslaufen und Einstellungen erst wieder vermehrt nach der Urlaubs- und Ferienzeit erfolgen\u201c, so Kaschte. Die Entwicklung des Arbeitsmarktes hat sich, auch durch das weiterhin wichtige Instrument der Kurzarbeit, zuletzt wieder stabilisiert und es haben sich wieder f\u00fcr die Saison \u00fcbliche Verl\u00e4ufe eingestellt.<br><br>Die Zahl der Arbeitslosen ist im Vergleich zum Juli um 277 Personen bzw. 1,3 Prozent gestiegen, dieser Anstieg entspricht dem saisonal \u00fcblichen Entwicklung der Arbeitslosigkeit im August (Anstieg der Arbeitslosigkeit von Juli zu August 2019 um 334 Personen bzw. 1,9 Prozent).<br><br>Insgesamt 21.141 Personen waren im Agenturbezirk Magdeburg, zu dem au\u00dfer der Landeshauptstadt auch die B\u00f6rde und das Jerichower Land geh\u00f6ren, arbeitslos gemeldet. Im August 2019 waren es 18.383 und damit 2.758 weniger Menschen. Die Arbeitslosenquote betrug im August 8,1 Prozent und war damit 0,1 Prozentpunkte h\u00f6her als im Juli und 1,1 Prozentpunkte h\u00f6her im August des Vorjahres.<\/p>\n\n\n\n<p><strong>Unterbesch\u00e4ftigung<\/strong><br> <br>Der Blick auf die Unterbesch\u00e4ftigung zeichnet ein umfassendes Bild von der Verfassung des Arbeitsmarktes. Denn hier werden neben Arbeitslosen auch Teilnehmer in Ma\u00dfnahmen, Weiterbildungen, Vorruhestandsregelungen und arbeitsunf\u00e4hig Erkrankte erfasst.<br>Die Auswirkungen der Coronakrise sind auch bei der Unterbesch\u00e4ftigung sichtbar. Jedoch nicht so stark wie bei der Arbeitslosigkeit, weil die Unterbesch\u00e4ftigung auch die Wirkung arbeitsmarktpolitischer<br>Ma\u00dfnahmen abbildet. Die Zahl der Menschen in Unterbesch\u00e4ftigung<br>(ohne Kurzarbeit) belief sich im August 2020 auf 28.034. <br>Die Unterbesch\u00e4ftigungsquote betr\u00e4gt aktuell 10,4 Prozent.<\/p>\n\n\n\n<p><strong>Aktueller Arbeitskr\u00e4ftebedarf<\/strong><br><br>Der Bestand an gemeldeten Arbeitsstellen bel\u00e4uft sich im August auf 6.592 (- 168 gg\u00fc. Juli). Der Neuzugang offener Stellen ist im Vergleich zum Vormonat um 59 auf 902 gesunken.<br><br>Die meisten vorhandenen Stellenangebote kommen aus den Berufsgruppen Verkehr und Logistik (1.696 Stellen, z.B. Berufskraftfahrer und Lagerfachkr\u00e4fte), Gesundheit und Soziales (1.588 Stellen, z.B. Altenpfleger) und Rohstoffgewinnung, Produktion und Fertigung (1.413 Stellen, z.B. Mechatroniker).<\/p>\n","protected":false},"excerpt":{"rendered":"<p>(01.09.2020) Arbeitslosigkeit durch Corona-Pandemie weiterhin hoch \/ \u00fcbliche saisonale Entwicklungen des Arbeitsmarktes stellen sich wieder ein \u2013 Arbeitslosigkeit im August deshalb angestiegen \u201eDie Arbeitslosigkeit ist durch die Corona-Pandemie weiterhin deutlich h\u00f6her als im letzten Jahr\u201c, erkl\u00e4rt Matthias Kaschte, Chef der <a class=\"more-link\" href=\"https:\/\/wirtschaftspost-online.de\/?p=1606\">[ . . . ]<\/a><\/p>\n","protected":false},"author":4,"featured_media":0,"comment_status":"closed","ping_status":"closed","sticky":false,"template":"","format":"standard","meta":{"footnotes":""},"categories":[1],"tags":[],"class_list":["post-1606","post","type-post","status-publish","format-standard","hentry","category-allgemein"],"aioseo_notices":[],"_links":{"self":[{"href":"https:\/\/wirtschaftspost-online.de\/index.php?rest_route=\/wp\/v2\/posts\/1606","targetHints":{"allow":["GET"]}}],"collection":[{"href":"https:\/\/wirtschaftspost-online.de\/index.php?rest_route=\/wp\/v2\/posts"}],"about":[{"href":"https:\/\/wirtschaftspost-online.de\/index.php?rest_route=\/wp\/v2\/types\/post"}],"author":[{"embeddable":true,"href":"https:\/\/wirtschaftspost-online.de\/index.php?rest_route=\/wp\/v2\/users\/4"}],"replies":[{"embeddable":true,"href":"https:\/\/wirtschaftspost-online.de\/index.php?rest_route=%2Fwp%2Fv2%2Fcomments&post=1606"}],"version-history":[{"count":5,"href":"https:\/\/wirtschaftspost-online.de\/index.php?rest_route=\/wp\/v2\/posts\/1606\/revisions"}],"predecessor-version":[{"id":1666,"href":"https:\/\/wirtschaftspost-online.de\/index.php?rest_route=\/wp\/v2\/posts\/1606\/revisions\/1666"}],"wp:attachment":[{"href":"https:\/\/wirtschaftspost-online.de\/index.php?rest_route=%2Fwp%2Fv2%2Fmedia&parent=1606"}],"wp:term":[{"taxonomy":"category","embeddable":true,"href":"https:\/\/wirtschaftspost-online.de\/index.php?rest_route=%2Fwp%2Fv2%2Fcategories&post=1606"},{"taxonomy":"post_tag","embeddable":true,"href":"https:\/\/wirtschaftspost-online.de\/index.php?rest_route=%2Fwp%2Fv2%2Ftags&post=1606"}],"curies":[{"name":"wp","href":"https:\/\/api.w.org\/{rel}","templated":true}]}}