{"id":1730,"date":"2020-10-01T15:24:15","date_gmt":"2020-10-01T13:24:15","guid":{"rendered":"https:\/\/wirtschaftspost-online.de\/?p=1730"},"modified":"2020-10-01T18:27:41","modified_gmt":"2020-10-01T16:27:41","slug":"landrat-martin-stichnoth-ueberreicht-abschlusszeugnisse-an-seine-jungfacharbeiter","status":"publish","type":"post","link":"https:\/\/wirtschaftspost-online.de\/?p=1730","title":{"rendered":"Landrat Stichnoth \u00fcberreicht Abschlusszeugnisse an \u201eJungfacharbeiter\u201c"},"content":{"rendered":"\n<p><strong>(01.10.2020) Ein erfolgreicher Landkreis B\u00f6rde hat nun weitere erfolgreiche Jungfacharbeiter im Verwaltungsberuf \u201eVerwaltungsfachangestellter\u201c. Nach drei Jahren Lehre gab es in diesen Tagen den verdienten Lohn &#8211; die Abschlusszeugnisse.<\/strong><\/p>\n\n\n\n<p>Ab sofort f\u00fchren 8 ehemalige Auszubildende des Landkreises B\u00f6rde die Berufsbezeichnung \u201eVerwaltungsfachangestellter\u201c. Es ist ein bedeutender Schritt in das Leben\u201c, sagt Landrat Martin Stichnoth im Rahmen einer kleinen Feierstunde im gro\u00dfen Sitzungssaal der Kreisverwaltung in Haldensleben. Stichnoth war vom Studieninstitut f\u00fcr kommunale Verwaltung Sachsen-Anhalt (coronabedingt) beauftragt, seinen Jungfacharbeitern selbst die Abschlusszeugnisse zu \u00fcberreichen.<\/p>\n\n\n\n<figure class=\"wp-block-image size-large\"><img loading=\"lazy\" decoding=\"async\" width=\"1024\" height=\"588\" src=\"https:\/\/wirtschaftspost-online.de\/wp-content\/uploads\/2020\/10\/01_ge_jungfachar_zeugn_foto_lkbk-1024x588.jpg\" alt=\"\" class=\"wp-image-1731\" srcset=\"https:\/\/wirtschaftspost-online.de\/wp-content\/uploads\/2020\/10\/01_ge_jungfachar_zeugn_foto_lkbk-1024x588.jpg 1024w, https:\/\/wirtschaftspost-online.de\/wp-content\/uploads\/2020\/10\/01_ge_jungfachar_zeugn_foto_lkbk-300x172.jpg 300w, https:\/\/wirtschaftspost-online.de\/wp-content\/uploads\/2020\/10\/01_ge_jungfachar_zeugn_foto_lkbk-768x441.jpg 768w, https:\/\/wirtschaftspost-online.de\/wp-content\/uploads\/2020\/10\/01_ge_jungfachar_zeugn_foto_lkbk-1536x883.jpg 1536w, https:\/\/wirtschaftspost-online.de\/wp-content\/uploads\/2020\/10\/01_ge_jungfachar_zeugn_foto_lkbk-2048x1177.jpg 2048w, https:\/\/wirtschaftspost-online.de\/wp-content\/uploads\/2020\/10\/01_ge_jungfachar_zeugn_foto_lkbk-650x373.jpg 650w, https:\/\/wirtschaftspost-online.de\/wp-content\/uploads\/2020\/10\/01_ge_jungfachar_zeugn_foto_lkbk-1320x758.jpg 1320w\" sizes=\"auto, (max-width: 1024px) 100vw, 1024px\" \/><figcaption>Die Jungfacharbeiter (mit Urkunden) nehmen Aufstellung zum Erinnerungsfoto &#8211; von links nach rechts: Benjamin von Zweydorf \/ Barleben, Berenice Kral \/ Wanzleben, Lucas Zeiske \/ Calv\u00f6rde, Paula Fiedler \/ Flechtingen, Natalie Plate \/ Mose, Kilian Paetzel \/ Oschersleben, Fabian Meyer \/ Haldensleben und Marie Fehlhauer \/ Emden. Dazu links &#8211; Landrat Martin Stichnoth, Bildmitte &#8211; Ausbildungsleiterin Manuela Brasch, rechts &#8211; Julia Herzberg-Ebeling (Personalamt). \/ Foto Landkreis B\u00f6rde.<\/figcaption><\/figure>\n\n\n\n<p>\u201eDie Ergebnisse sprechen f\u00fcr sich. Wie in den vergangenen Jahren liegen wir auch 2020 mit 8,85 erreichten Rangpunkten erneut \u00fcber dem Landesdurchschnitt.\u201c Ausbildungsleiterin Manuela Brasch und viele Kollegen im Landkreis B\u00f6rde haben als Ausbildungsbeauftragte den Lehrlingen das n\u00f6tige R\u00fcstzeug f\u00fcr erfolgreiche Pr\u00fcfungen vermittelt. \u201eUnd\u201c, so Stichnoth, \u201edie M\u00fchen haben sich gelohnt. Sie sind alle in ein Arbeitsverh\u00e4ltnis \u00fcbernommen. Dar\u00fcber freuen wir uns. Herzlichen Gl\u00fcckwunsch.\u201c<br><br>Weitere Informationen zur Ausbildung beim Landkreis B\u00f6rde <a href=\"http:\/\/www.landkreis-boerde.de\/ausbildung\" target=\"_blank\" rel=\"noreferrer noopener\">www.landkreis-boerde.de\/ausbildung<\/a>.<\/p>\n","protected":false},"excerpt":{"rendered":"<p>(01.10.2020) Ein erfolgreicher Landkreis B\u00f6rde hat nun weitere erfolgreiche Jungfacharbeiter im Verwaltungsberuf \u201eVerwaltungsfachangestellter\u201c. Nach drei Jahren Lehre gab es in diesen Tagen den verdienten Lohn &#8211; die Abschlusszeugnisse. Ab sofort f\u00fchren 8 ehemalige Auszubildende des Landkreises B\u00f6rde die Berufsbezeichnung \u201eVerwaltungsfachangestellter\u201c. <a class=\"more-link\" href=\"https:\/\/wirtschaftspost-online.de\/?p=1730\">[ . . . ]<\/a><\/p>\n","protected":false},"author":4,"featured_media":0,"comment_status":"closed","ping_status":"closed","sticky":false,"template":"","format":"standard","meta":{"footnotes":""},"categories":[1],"tags":[],"class_list":["post-1730","post","type-post","status-publish","format-standard","hentry","category-allgemein"],"aioseo_notices":[],"_links":{"self":[{"href":"https:\/\/wirtschaftspost-online.de\/index.php?rest_route=\/wp\/v2\/posts\/1730","targetHints":{"allow":["GET"]}}],"collection":[{"href":"https:\/\/wirtschaftspost-online.de\/index.php?rest_route=\/wp\/v2\/posts"}],"about":[{"href":"https:\/\/wirtschaftspost-online.de\/index.php?rest_route=\/wp\/v2\/types\/post"}],"author":[{"embeddable":true,"href":"https:\/\/wirtschaftspost-online.de\/index.php?rest_route=\/wp\/v2\/users\/4"}],"replies":[{"embeddable":true,"href":"https:\/\/wirtschaftspost-online.de\/index.php?rest_route=%2Fwp%2Fv2%2Fcomments&post=1730"}],"version-history":[{"count":2,"href":"https:\/\/wirtschaftspost-online.de\/index.php?rest_route=\/wp\/v2\/posts\/1730\/revisions"}],"predecessor-version":[{"id":1745,"href":"https:\/\/wirtschaftspost-online.de\/index.php?rest_route=\/wp\/v2\/posts\/1730\/revisions\/1745"}],"wp:attachment":[{"href":"https:\/\/wirtschaftspost-online.de\/index.php?rest_route=%2Fwp%2Fv2%2Fmedia&parent=1730"}],"wp:term":[{"taxonomy":"category","embeddable":true,"href":"https:\/\/wirtschaftspost-online.de\/index.php?rest_route=%2Fwp%2Fv2%2Fcategories&post=1730"},{"taxonomy":"post_tag","embeddable":true,"href":"https:\/\/wirtschaftspost-online.de\/index.php?rest_route=%2Fwp%2Fv2%2Ftags&post=1730"}],"curies":[{"name":"wp","href":"https:\/\/api.w.org\/{rel}","templated":true}]}}