{"id":2046,"date":"2021-02-02T20:41:27","date_gmt":"2021-02-02T19:41:27","guid":{"rendered":"https:\/\/wirtschaftspost-online.de\/?p=2046"},"modified":"2021-02-03T16:42:27","modified_gmt":"2021-02-03T15:42:27","slug":"ortstermin-mit-friseur-obermeister-in-halberstadt-handwerkskammer-praesident-verweist-auf-hygienekonzepte-und-fordert-lockerungen-fuer-friseure-und-kosmetiker","status":"publish","type":"post","link":"https:\/\/wirtschaftspost-online.de\/?p=2046","title":{"rendered":"Ortstermin in Halberstadt: Lockerungen f\u00fcr Friseure und Kosmetiker gefordert"},"content":{"rendered":"<p><strong><img loading=\"lazy\" decoding=\"async\" class=\" wp-image-1785 alignright\" src=\"https:\/\/wirtschaftspost-online.de\/wp-content\/uploads\/2020\/10\/logo_hwk_magdeburg-300x169.png\" alt=\"\" width=\"176\" height=\"99\" srcset=\"https:\/\/wirtschaftspost-online.de\/wp-content\/uploads\/2020\/10\/logo_hwk_magdeburg-300x169.png 300w, https:\/\/wirtschaftspost-online.de\/wp-content\/uploads\/2020\/10\/logo_hwk_magdeburg-768x432.png 768w, https:\/\/wirtschaftspost-online.de\/wp-content\/uploads\/2020\/10\/logo_hwk_magdeburg-650x366.png 650w, https:\/\/wirtschaftspost-online.de\/wp-content\/uploads\/2020\/10\/logo_hwk_magdeburg.png 800w\" sizes=\"auto, (max-width: 176px) 100vw, 176px\" \/>(02.02.2021) Bei einem Ortstermin im Salon von Friseurmeister Oliver Kantelhardt in Halberstadt haben sich Hagen Mauer, Pr\u00e4sident der Handwerkskammer Magdeburg, und Burghard Grupe, Hauptgesch\u00e4ftsf\u00fchrer der Handwerkskammer, ein Bild von der Lage im Friseurhandwerk gemacht.<\/strong><\/p>\n\n\n<figure class=\"wp-block-image size-large\"><img loading=\"lazy\" decoding=\"async\" width=\"1024\" height=\"546\" src=\"https:\/\/wirtschaftspost-online.de\/wp-content\/uploads\/2021\/02\/2021-02-02-Ortstermin-Friseurhandwerk-scaled-e1612366849118-1024x546.jpg\" alt=\"\" class=\"wp-image-2047\" srcset=\"https:\/\/wirtschaftspost-online.de\/wp-content\/uploads\/2021\/02\/2021-02-02-Ortstermin-Friseurhandwerk-scaled-e1612366849118-1024x546.jpg 1024w, https:\/\/wirtschaftspost-online.de\/wp-content\/uploads\/2021\/02\/2021-02-02-Ortstermin-Friseurhandwerk-scaled-e1612366849118-300x160.jpg 300w, https:\/\/wirtschaftspost-online.de\/wp-content\/uploads\/2021\/02\/2021-02-02-Ortstermin-Friseurhandwerk-scaled-e1612366849118-768x409.jpg 768w, https:\/\/wirtschaftspost-online.de\/wp-content\/uploads\/2021\/02\/2021-02-02-Ortstermin-Friseurhandwerk-scaled-e1612366849118-1536x818.jpg 1536w, https:\/\/wirtschaftspost-online.de\/wp-content\/uploads\/2021\/02\/2021-02-02-Ortstermin-Friseurhandwerk-scaled-e1612366849118-2048x1091.jpg 2048w, https:\/\/wirtschaftspost-online.de\/wp-content\/uploads\/2021\/02\/2021-02-02-Ortstermin-Friseurhandwerk-scaled-e1612366849118-650x346.jpg 650w, https:\/\/wirtschaftspost-online.de\/wp-content\/uploads\/2021\/02\/2021-02-02-Ortstermin-Friseurhandwerk-scaled-e1612366849118-1320x703.jpg 1320w\" sizes=\"auto, (max-width: 1024px) 100vw, 1024px\" \/><figcaption>Handwerkskammer-Pr\u00e4sident Hagen Mauer (v.l.), Obermeister Oliver Kantelhardt und Handwerkskammer-Hauptgesch\u00e4ftsf\u00fchrer Burghard Grupe beim Ortstermin am 2. Februar in Halberstadt.\nBildquelle: Anne-Kristin Gotot\/ Handwerkskammer Magdeburg<\/figcaption><\/figure>\n\n\n\n<p>\u201eIch habe zusammen mit meiner Frau ein Friseurgesch\u00e4ft. Am 16. Dezember 2020 wurde von der Regierung bestimmt, dass wir unser Gesch\u00e4ft, trotz aller Hygienema\u00dfnahmen, schlie\u00dfen m\u00fcssen. Wir leben von unserem Gesch\u00e4ft. Versprochene Hilfen? Es gibt noch nicht einmal Antr\u00e4ge. Letztendlich bel\u00e4uft es sich auf Fixkosten. Es gibt keine ausreichende Hilfe f\u00fcr Unternehmerl\u00f6hne, Krankenkasse oder Altersvorsorge. Alle Ersparnisse sind fast aufgebraucht. Auch die Ausbildung und damit die Nachwuchssicherung in der Friseurbranche ist in Gefahr. Die Auszubildenden k\u00f6nnen sich nicht angemessen auf ihre Abschlusspr\u00fcfungen vorbereiten. Unsere Situation ist katastrophal\u201c, berichtete Kantelhardt.<br><br>Hagen Mauer: \u201eDabei scheinen die Hygienekonzepte der Friseure und Kosmetiker zu funktionieren. Uns ist jedenfalls kein einziger Fall bekannt, indem ein Betrieb zum Infektionsherd geworden ist und auch die eingegangenen Meldungen bei der zust\u00e4ndigen Berufsgenossenschaft sind bundesweit verschwindend ge-ring. Daher entspricht es nicht dem Grundsatz der Verh\u00e4ltnism\u00e4\u00dfigkeit, die Friseure und Kosmetiker weiterhin geschlossen zu lassen. Hier m\u00fcssen Lockerungen her! Es stehen Existenzen auf dem Spiel!\u201c<br><br>In seiner Funktion als Obermeister der Friseur-Innung Harz-Bode hatte Kantelhardt einen offenen Brief an die Politik geschrieben, in dem er auf die Not der Friseure aufmerksam macht, Vorschl\u00e4ge unterbreitet und Forderungen stellt. Morgen nimmt er an einer Videokonferenz mit Vertretern weiterer Branchen und Politikern teil.<\/p>\n","protected":false},"excerpt":{"rendered":"<p>(02.02.2021) Bei einem Ortstermin im Salon von Friseurmeister Oliver Kantelhardt in Halberstadt haben sich Hagen Mauer, Pr\u00e4sident der Handwerkskammer Magdeburg, und Burghard Grupe, Hauptgesch\u00e4ftsf\u00fchrer der Handwerkskammer, ein Bild von der Lage im Friseurhandwerk gemacht. \u201eIch habe zusammen mit meiner Frau <a class=\"more-link\" href=\"https:\/\/wirtschaftspost-online.de\/?p=2046\">[ . . . ]<\/a><\/p>\n","protected":false},"author":4,"featured_media":0,"comment_status":"closed","ping_status":"closed","sticky":false,"template":"","format":"standard","meta":{"footnotes":""},"categories":[1],"tags":[],"class_list":["post-2046","post","type-post","status-publish","format-standard","hentry","category-allgemein"],"aioseo_notices":[],"aioseo_head":"\n\t\t<!-- All in One SEO 4.9.10 - aioseo.com -->\n\t<meta name=\"description\" content=\"(02.02.2021) Bei einem Ortstermin im Salon von Friseurmeister Oliver Kantelhardt in Halberstadt haben sich Hagen Mauer, Pr\u00e4sident der Handwerkskammer Magdeburg, und Burghard Grupe, Hauptgesch\u00e4ftsf\u00fchrer der Handwerkskammer, ein Bild von der Lage im Friseurhandwerk gemacht. \u201eIch habe zusammen mit meiner Frau ein Friseurgesch\u00e4ft. Am 16. Dezember 2020 wurde von der Regierung bestimmt, dass wir unser Gesch\u00e4ft,\" \/>\n\t<meta name=\"robots\" content=\"max-image-preview:large\" \/>\n\t<meta name=\"author\" content=\"Freimut Hengst\"\/>\n\t<link rel=\"canonical\" href=\"https:\/\/wirtschaftspost-online.de\/?p=2046\" \/>\n\t<meta name=\"generator\" content=\"All in One SEO (AIOSEO) 4.9.10\" \/>\n\t\t<meta property=\"og:locale\" content=\"de_DE\" \/>\n\t\t<meta property=\"og:site_name\" content=\"Wirtschaftspost-Online - Das B2B-Online-Magazin in Sachsen, Sachsen-Anhalt und Th\u00fcringen\" \/>\n\t\t<meta property=\"og:type\" content=\"article\" \/>\n\t\t<meta property=\"og:title\" content=\"Ortstermin in Halberstadt: Lockerungen f\u00fcr Friseure und Kosmetiker gefordert - Wirtschaftspost-Online\" \/>\n\t\t<meta property=\"og:description\" content=\"(02.02.2021) Bei einem Ortstermin im Salon von Friseurmeister Oliver Kantelhardt in Halberstadt haben sich Hagen Mauer, Pr\u00e4sident der Handwerkskammer Magdeburg, und Burghard Grupe, Hauptgesch\u00e4ftsf\u00fchrer der Handwerkskammer, ein Bild von der Lage im Friseurhandwerk gemacht. \u201eIch habe zusammen mit meiner Frau ein Friseurgesch\u00e4ft. Am 16. Dezember 2020 wurde von der Regierung bestimmt, dass wir unser Gesch\u00e4ft,\" \/>\n\t\t<meta property=\"og:url\" content=\"https:\/\/wirtschaftspost-online.de\/?p=2046\" \/>\n\t\t<meta property=\"og:image\" content=\"https:\/\/wirtschaftspost-online.de\/wp-content\/uploads\/2022\/01\/Header_SZ_3.png\" \/>\n\t\t<meta property=\"og:image:secure_url\" content=\"https:\/\/wirtschaftspost-online.de\/wp-content\/uploads\/2022\/01\/Header_SZ_3.png\" \/>\n\t\t<meta property=\"article:published_time\" content=\"2021-02-02T19:41:27+00:00\" \/>\n\t\t<meta property=\"article:modified_time\" content=\"2021-02-03T15:42:27+00:00\" \/>\n\t\t<meta name=\"twitter:card\" content=\"summary\" \/>\n\t\t<meta name=\"twitter:title\" content=\"Ortstermin in Halberstadt: Lockerungen f\u00fcr Friseure und Kosmetiker gefordert - Wirtschaftspost-Online\" \/>\n\t\t<meta name=\"twitter:description\" content=\"(02.02.2021) Bei einem Ortstermin im Salon von Friseurmeister Oliver Kantelhardt in Halberstadt haben sich Hagen Mauer, Pr\u00e4sident der Handwerkskammer Magdeburg, und Burghard Grupe, Hauptgesch\u00e4ftsf\u00fchrer der Handwerkskammer, ein Bild von der Lage im Friseurhandwerk gemacht. \u201eIch habe zusammen mit meiner Frau ein Friseurgesch\u00e4ft. Am 16. Dezember 2020 wurde von der Regierung bestimmt, dass wir unser Gesch\u00e4ft,\" \/>\n\t\t<meta name=\"twitter:image\" content=\"https:\/\/wirtschaftspost-online.de\/wp-content\/uploads\/2022\/01\/Header_SZ_3.png\" \/>\n\t\t<script type=\"application\/ld+json\" class=\"aioseo-schema\">\n\t\t\t{\"@context\":\"https:\\\/\\\/schema.org\",\"@graph\":[{\"@type\":\"BlogPosting\",\"@id\":\"https:\\\/\\\/wirtschaftspost-online.de\\\/?p=2046#blogposting\",\"name\":\"Ortstermin in Halberstadt: Lockerungen f\\u00fcr Friseure und Kosmetiker gefordert - Wirtschaftspost-Online\",\"headline\":\"Ortstermin in Halberstadt: Lockerungen f\\u00fcr Friseure und Kosmetiker gefordert\",\"author\":{\"@id\":\"https:\\\/\\\/wirtschaftspost-online.de\\\/?author=4#author\"},\"publisher\":{\"@id\":\"https:\\\/\\\/wirtschaftspost-online.de\\\/#organization\"},\"image\":{\"@type\":\"ImageObject\",\"url\":\"https:\\\/\\\/wirtschaftspost-online.de\\\/wp-content\\\/uploads\\\/2020\\\/10\\\/logo_hwk_magdeburg.png\",\"@id\":\"https:\\\/\\\/wirtschaftspost-online.de\\\/?p=2046\\\/#articleImage\",\"width\":800,\"height\":450},\"datePublished\":\"2021-02-02T20:41:27+01:00\",\"dateModified\":\"2021-02-03T16:42:27+01:00\",\"inLanguage\":\"de-DE\",\"mainEntityOfPage\":{\"@id\":\"https:\\\/\\\/wirtschaftspost-online.de\\\/?p=2046#webpage\"},\"isPartOf\":{\"@id\":\"https:\\\/\\\/wirtschaftspost-online.de\\\/?p=2046#webpage\"},\"articleSection\":\"Allgemein\"},{\"@type\":\"BreadcrumbList\",\"@id\":\"https:\\\/\\\/wirtschaftspost-online.de\\\/?p=2046#breadcrumblist\",\"itemListElement\":[{\"@type\":\"ListItem\",\"@id\":\"https:\\\/\\\/wirtschaftspost-online.de#listItem\",\"position\":1,\"name\":\"Home\",\"item\":\"https:\\\/\\\/wirtschaftspost-online.de\",\"nextItem\":{\"@type\":\"ListItem\",\"@id\":\"https:\\\/\\\/wirtschaftspost-online.de\\\/?cat=1#listItem\",\"name\":\"Allgemein\"}},{\"@type\":\"ListItem\",\"@id\":\"https:\\\/\\\/wirtschaftspost-online.de\\\/?cat=1#listItem\",\"position\":2,\"name\":\"Allgemein\",\"item\":\"https:\\\/\\\/wirtschaftspost-online.de\\\/?cat=1\",\"nextItem\":{\"@type\":\"ListItem\",\"@id\":\"https:\\\/\\\/wirtschaftspost-online.de\\\/?p=2046#listItem\",\"name\":\"Ortstermin in Halberstadt: Lockerungen f\\u00fcr Friseure und Kosmetiker gefordert\"},\"previousItem\":{\"@type\":\"ListItem\",\"@id\":\"https:\\\/\\\/wirtschaftspost-online.de#listItem\",\"name\":\"Home\"}},{\"@type\":\"ListItem\",\"@id\":\"https:\\\/\\\/wirtschaftspost-online.de\\\/?p=2046#listItem\",\"position\":3,\"name\":\"Ortstermin in Halberstadt: Lockerungen f\\u00fcr Friseure und Kosmetiker gefordert\",\"previousItem\":{\"@type\":\"ListItem\",\"@id\":\"https:\\\/\\\/wirtschaftspost-online.de\\\/?cat=1#listItem\",\"name\":\"Allgemein\"}}]},{\"@type\":\"Organization\",\"@id\":\"https:\\\/\\\/wirtschaftspost-online.de\\\/#organization\",\"name\":\"Wirtschaftspost-Online\",\"description\":\"Das B2B-Online-Magazin in Sachsen, Sachsen-Anhalt und Th\\u00fcringen\",\"url\":\"https:\\\/\\\/wirtschaftspost-online.de\\\/\",\"logo\":{\"@type\":\"ImageObject\",\"url\":\"https:\\\/\\\/wirtschaftspost-online.de\\\/wp-content\\\/uploads\\\/2020\\\/04\\\/WIPO-Schriftzug-jpg-transparent-1-scaled.jpg\",\"@id\":\"https:\\\/\\\/wirtschaftspost-online.de\\\/?p=2046\\\/#organizationLogo\",\"width\":2560,\"height\":431},\"image\":{\"@id\":\"https:\\\/\\\/wirtschaftspost-online.de\\\/?p=2046\\\/#organizationLogo\"}},{\"@type\":\"Person\",\"@id\":\"https:\\\/\\\/wirtschaftspost-online.de\\\/?author=4#author\",\"url\":\"https:\\\/\\\/wirtschaftspost-online.de\\\/?author=4\",\"name\":\"Freimut Hengst\",\"image\":{\"@type\":\"ImageObject\",\"@id\":\"https:\\\/\\\/wirtschaftspost-online.de\\\/?p=2046#authorImage\",\"url\":\"https:\\\/\\\/secure.gravatar.com\\\/avatar\\\/0f2ae93d1e9fa2ebba95ab2cdfc9872bf20e1bd2a68c9a89aae61ac121856e5f?s=96&d=mm&r=g\",\"width\":96,\"height\":96,\"caption\":\"Freimut Hengst\"}},{\"@type\":\"WebPage\",\"@id\":\"https:\\\/\\\/wirtschaftspost-online.de\\\/?p=2046#webpage\",\"url\":\"https:\\\/\\\/wirtschaftspost-online.de\\\/?p=2046\",\"name\":\"Ortstermin in Halberstadt: Lockerungen f\\u00fcr Friseure und Kosmetiker gefordert - Wirtschaftspost-Online\",\"description\":\"(02.02.2021) Bei einem Ortstermin im Salon von Friseurmeister Oliver Kantelhardt in Halberstadt haben sich Hagen Mauer, Pr\\u00e4sident der Handwerkskammer Magdeburg, und Burghard Grupe, Hauptgesch\\u00e4ftsf\\u00fchrer der Handwerkskammer, ein Bild von der Lage im Friseurhandwerk gemacht. \\u201eIch habe zusammen mit meiner Frau ein Friseurgesch\\u00e4ft. Am 16. Dezember 2020 wurde von der Regierung bestimmt, dass wir unser Gesch\\u00e4ft,\",\"inLanguage\":\"de-DE\",\"isPartOf\":{\"@id\":\"https:\\\/\\\/wirtschaftspost-online.de\\\/#website\"},\"breadcrumb\":{\"@id\":\"https:\\\/\\\/wirtschaftspost-online.de\\\/?p=2046#breadcrumblist\"},\"author\":{\"@id\":\"https:\\\/\\\/wirtschaftspost-online.de\\\/?author=4#author\"},\"creator\":{\"@id\":\"https:\\\/\\\/wirtschaftspost-online.de\\\/?author=4#author\"},\"datePublished\":\"2021-02-02T20:41:27+01:00\",\"dateModified\":\"2021-02-03T16:42:27+01:00\"},{\"@type\":\"WebSite\",\"@id\":\"https:\\\/\\\/wirtschaftspost-online.de\\\/#website\",\"url\":\"https:\\\/\\\/wirtschaftspost-online.de\\\/\",\"name\":\"Wirtschaftspost-Online\",\"description\":\"Das B2B-Online-Magazin in Sachsen, Sachsen-Anhalt und Th\\u00fcringen\",\"inLanguage\":\"de-DE\",\"publisher\":{\"@id\":\"https:\\\/\\\/wirtschaftspost-online.de\\\/#organization\"}}]}\n\t\t<\/script>\n\t\t<!-- All in One SEO -->\n\n","aioseo_head_json":{"title":"Ortstermin in Halberstadt: Lockerungen f\u00fcr Friseure und Kosmetiker gefordert - Wirtschaftspost-Online","description":"(02.02.2021) Bei einem Ortstermin im Salon von Friseurmeister Oliver Kantelhardt in Halberstadt haben sich Hagen Mauer, Pr\u00e4sident der Handwerkskammer Magdeburg, und Burghard Grupe, Hauptgesch\u00e4ftsf\u00fchrer der Handwerkskammer, ein Bild von der Lage im Friseurhandwerk gemacht. \u201eIch habe zusammen mit meiner Frau ein Friseurgesch\u00e4ft. Am 16. Dezember 2020 wurde von der Regierung bestimmt, dass wir unser Gesch\u00e4ft,","canonical_url":"https:\/\/wirtschaftspost-online.de\/?p=2046","robots":"max-image-preview:large","keywords":"","webmasterTools":{"miscellaneous":""},"schema":{"@context":"https:\/\/schema.org","@graph":[{"@type":"BlogPosting","@id":"https:\/\/wirtschaftspost-online.de\/?p=2046#blogposting","name":"Ortstermin in Halberstadt: Lockerungen f\u00fcr Friseure und Kosmetiker gefordert - Wirtschaftspost-Online","headline":"Ortstermin in Halberstadt: Lockerungen f\u00fcr Friseure und Kosmetiker gefordert","author":{"@id":"https:\/\/wirtschaftspost-online.de\/?author=4#author"},"publisher":{"@id":"https:\/\/wirtschaftspost-online.de\/#organization"},"image":{"@type":"ImageObject","url":"https:\/\/wirtschaftspost-online.de\/wp-content\/uploads\/2020\/10\/logo_hwk_magdeburg.png","@id":"https:\/\/wirtschaftspost-online.de\/?p=2046\/#articleImage","width":800,"height":450},"datePublished":"2021-02-02T20:41:27+01:00","dateModified":"2021-02-03T16:42:27+01:00","inLanguage":"de-DE","mainEntityOfPage":{"@id":"https:\/\/wirtschaftspost-online.de\/?p=2046#webpage"},"isPartOf":{"@id":"https:\/\/wirtschaftspost-online.de\/?p=2046#webpage"},"articleSection":"Allgemein"},{"@type":"BreadcrumbList","@id":"https:\/\/wirtschaftspost-online.de\/?p=2046#breadcrumblist","itemListElement":[{"@type":"ListItem","@id":"https:\/\/wirtschaftspost-online.de#listItem","position":1,"name":"Home","item":"https:\/\/wirtschaftspost-online.de","nextItem":{"@type":"ListItem","@id":"https:\/\/wirtschaftspost-online.de\/?cat=1#listItem","name":"Allgemein"}},{"@type":"ListItem","@id":"https:\/\/wirtschaftspost-online.de\/?cat=1#listItem","position":2,"name":"Allgemein","item":"https:\/\/wirtschaftspost-online.de\/?cat=1","nextItem":{"@type":"ListItem","@id":"https:\/\/wirtschaftspost-online.de\/?p=2046#listItem","name":"Ortstermin in Halberstadt: Lockerungen f\u00fcr Friseure und Kosmetiker gefordert"},"previousItem":{"@type":"ListItem","@id":"https:\/\/wirtschaftspost-online.de#listItem","name":"Home"}},{"@type":"ListItem","@id":"https:\/\/wirtschaftspost-online.de\/?p=2046#listItem","position":3,"name":"Ortstermin in Halberstadt: Lockerungen f\u00fcr Friseure und Kosmetiker gefordert","previousItem":{"@type":"ListItem","@id":"https:\/\/wirtschaftspost-online.de\/?cat=1#listItem","name":"Allgemein"}}]},{"@type":"Organization","@id":"https:\/\/wirtschaftspost-online.de\/#organization","name":"Wirtschaftspost-Online","description":"Das B2B-Online-Magazin in Sachsen, Sachsen-Anhalt und Th\u00fcringen","url":"https:\/\/wirtschaftspost-online.de\/","logo":{"@type":"ImageObject","url":"https:\/\/wirtschaftspost-online.de\/wp-content\/uploads\/2020\/04\/WIPO-Schriftzug-jpg-transparent-1-scaled.jpg","@id":"https:\/\/wirtschaftspost-online.de\/?p=2046\/#organizationLogo","width":2560,"height":431},"image":{"@id":"https:\/\/wirtschaftspost-online.de\/?p=2046\/#organizationLogo"}},{"@type":"Person","@id":"https:\/\/wirtschaftspost-online.de\/?author=4#author","url":"https:\/\/wirtschaftspost-online.de\/?author=4","name":"Freimut Hengst","image":{"@type":"ImageObject","@id":"https:\/\/wirtschaftspost-online.de\/?p=2046#authorImage","url":"https:\/\/secure.gravatar.com\/avatar\/0f2ae93d1e9fa2ebba95ab2cdfc9872bf20e1bd2a68c9a89aae61ac121856e5f?s=96&d=mm&r=g","width":96,"height":96,"caption":"Freimut Hengst"}},{"@type":"WebPage","@id":"https:\/\/wirtschaftspost-online.de\/?p=2046#webpage","url":"https:\/\/wirtschaftspost-online.de\/?p=2046","name":"Ortstermin in Halberstadt: Lockerungen f\u00fcr Friseure und Kosmetiker gefordert - Wirtschaftspost-Online","description":"(02.02.2021) Bei einem Ortstermin im Salon von Friseurmeister Oliver Kantelhardt in Halberstadt haben sich Hagen Mauer, Pr\u00e4sident der Handwerkskammer Magdeburg, und Burghard Grupe, Hauptgesch\u00e4ftsf\u00fchrer der Handwerkskammer, ein Bild von der Lage im Friseurhandwerk gemacht. \u201eIch habe zusammen mit meiner Frau ein Friseurgesch\u00e4ft. Am 16. Dezember 2020 wurde von der Regierung bestimmt, dass wir unser Gesch\u00e4ft,","inLanguage":"de-DE","isPartOf":{"@id":"https:\/\/wirtschaftspost-online.de\/#website"},"breadcrumb":{"@id":"https:\/\/wirtschaftspost-online.de\/?p=2046#breadcrumblist"},"author":{"@id":"https:\/\/wirtschaftspost-online.de\/?author=4#author"},"creator":{"@id":"https:\/\/wirtschaftspost-online.de\/?author=4#author"},"datePublished":"2021-02-02T20:41:27+01:00","dateModified":"2021-02-03T16:42:27+01:00"},{"@type":"WebSite","@id":"https:\/\/wirtschaftspost-online.de\/#website","url":"https:\/\/wirtschaftspost-online.de\/","name":"Wirtschaftspost-Online","description":"Das B2B-Online-Magazin in Sachsen, Sachsen-Anhalt und Th\u00fcringen","inLanguage":"de-DE","publisher":{"@id":"https:\/\/wirtschaftspost-online.de\/#organization"}}]},"og:locale":"de_DE","og:site_name":"Wirtschaftspost-Online - Das B2B-Online-Magazin in Sachsen, Sachsen-Anhalt und Th\u00fcringen","og:type":"article","og:title":"Ortstermin in Halberstadt: Lockerungen f\u00fcr Friseure und Kosmetiker gefordert - Wirtschaftspost-Online","og:description":"(02.02.2021) Bei einem Ortstermin im Salon von Friseurmeister Oliver Kantelhardt in Halberstadt haben sich Hagen Mauer, Pr\u00e4sident der Handwerkskammer Magdeburg, und Burghard Grupe, Hauptgesch\u00e4ftsf\u00fchrer der Handwerkskammer, ein Bild von der Lage im Friseurhandwerk gemacht. \u201eIch habe zusammen mit meiner Frau ein Friseurgesch\u00e4ft. Am 16. Dezember 2020 wurde von der Regierung bestimmt, dass wir unser Gesch\u00e4ft,","og:url":"https:\/\/wirtschaftspost-online.de\/?p=2046","og:image":"https:\/\/wirtschaftspost-online.de\/wp-content\/uploads\/2022\/01\/Header_SZ_3.png","og:image:secure_url":"https:\/\/wirtschaftspost-online.de\/wp-content\/uploads\/2022\/01\/Header_SZ_3.png","article:published_time":"2021-02-02T19:41:27+00:00","article:modified_time":"2021-02-03T15:42:27+00:00","twitter:card":"summary","twitter:title":"Ortstermin in Halberstadt: Lockerungen f\u00fcr Friseure und Kosmetiker gefordert - Wirtschaftspost-Online","twitter:description":"(02.02.2021) Bei einem Ortstermin im Salon von Friseurmeister Oliver Kantelhardt in Halberstadt haben sich Hagen Mauer, Pr\u00e4sident der Handwerkskammer Magdeburg, und Burghard Grupe, Hauptgesch\u00e4ftsf\u00fchrer der Handwerkskammer, ein Bild von der Lage im Friseurhandwerk gemacht. \u201eIch habe zusammen mit meiner Frau ein Friseurgesch\u00e4ft. Am 16. Dezember 2020 wurde von der Regierung bestimmt, dass wir unser Gesch\u00e4ft,","twitter:image":"https:\/\/wirtschaftspost-online.de\/wp-content\/uploads\/2022\/01\/Header_SZ_3.png"},"aioseo_meta_data":{"post_id":"2046","title":null,"description":null,"keywords":null,"keyphrases":null,"primary_term":null,"canonical_url":null,"og_title":null,"og_description":null,"og_object_type":"default","og_image_type":"default","og_image_url":null,"og_image_width":null,"og_image_height":null,"og_image_custom_url":null,"og_image_custom_fields":null,"og_video":null,"og_custom_url":null,"og_article_section":null,"og_article_tags":null,"twitter_use_og":false,"twitter_card":"default","twitter_image_type":"default","twitter_image_url":null,"twitter_image_custom_url":null,"twitter_image_custom_fields":null,"twitter_title":null,"twitter_description":null,"schema":{"blockGraphs":[],"customGraphs":[],"default":{"data":{"Article":[],"Course":[],"Dataset":[],"FAQPage":[],"Movie":[],"Person":[],"Product":[],"ProductReview":[],"Car":[],"Recipe":[],"Service":[],"SoftwareApplication":[],"WebPage":[]},"graphName":"","isEnabled":true},"graphs":[]},"schema_type":"default","schema_type_options":null,"pillar_content":false,"robots_default":true,"robots_noindex":false,"robots_noarchive":false,"robots_nosnippet":false,"robots_nofollow":false,"robots_noimageindex":false,"robots_noodp":false,"robots_notranslate":false,"robots_max_snippet":null,"robots_max_videopreview":null,"robots_max_imagepreview":"large","priority":null,"frequency":null,"local_seo":null,"breadcrumb_settings":null,"limit_modified_date":false,"ai":null,"created":"2022-04-02 11:45:38","updated":"2025-07-16 11:24:18","seo_analyzer_scan_date":null},"aioseo_breadcrumb":"<div class=\"aioseo-breadcrumbs\"><span class=\"aioseo-breadcrumb\">\n\t\t\t<a href=\"https:\/\/wirtschaftspost-online.de\" title=\"Home\">Home<\/a>\n\t\t<\/span><span class=\"aioseo-breadcrumb-separator\">&raquo;<\/span><span class=\"aioseo-breadcrumb\">\n\t\t\t<a href=\"https:\/\/wirtschaftspost-online.de\/?cat=1\" title=\"Allgemein\">Allgemein<\/a>\n\t\t<\/span><span class=\"aioseo-breadcrumb-separator\">&raquo;<\/span><span class=\"aioseo-breadcrumb\">\n\t\t\tOrtstermin in Halberstadt: Lockerungen f\u00fcr Friseure und Kosmetiker gefordert\n\t\t<\/span><\/div>","aioseo_breadcrumb_json":[{"label":"Home","link":"https:\/\/wirtschaftspost-online.de"},{"label":"Allgemein","link":"https:\/\/wirtschaftspost-online.de\/?cat=1"},{"label":"Ortstermin in Halberstadt: Lockerungen f\u00fcr Friseure und Kosmetiker gefordert","link":"https:\/\/wirtschaftspost-online.de\/?p=2046"}],"_links":{"self":[{"href":"https:\/\/wirtschaftspost-online.de\/index.php?rest_route=\/wp\/v2\/posts\/2046","targetHints":{"allow":["GET"]}}],"collection":[{"href":"https:\/\/wirtschaftspost-online.de\/index.php?rest_route=\/wp\/v2\/posts"}],"about":[{"href":"https:\/\/wirtschaftspost-online.de\/index.php?rest_route=\/wp\/v2\/types\/post"}],"author":[{"embeddable":true,"href":"https:\/\/wirtschaftspost-online.de\/index.php?rest_route=\/wp\/v2\/users\/4"}],"replies":[{"embeddable":true,"href":"https:\/\/wirtschaftspost-online.de\/index.php?rest_route=%2Fwp%2Fv2%2Fcomments&post=2046"}],"version-history":[{"count":2,"href":"https:\/\/wirtschaftspost-online.de\/index.php?rest_route=\/wp\/v2\/posts\/2046\/revisions"}],"predecessor-version":[{"id":2076,"href":"https:\/\/wirtschaftspost-online.de\/index.php?rest_route=\/wp\/v2\/posts\/2046\/revisions\/2076"}],"wp:attachment":[{"href":"https:\/\/wirtschaftspost-online.de\/index.php?rest_route=%2Fwp%2Fv2%2Fmedia&parent=2046"}],"wp:term":[{"taxonomy":"category","embeddable":true,"href":"https:\/\/wirtschaftspost-online.de\/index.php?rest_route=%2Fwp%2Fv2%2Fcategories&post=2046"},{"taxonomy":"post_tag","embeddable":true,"href":"https:\/\/wirtschaftspost-online.de\/index.php?rest_route=%2Fwp%2Fv2%2Ftags&post=2046"}],"curies":[{"name":"wp","href":"https:\/\/api.w.org\/{rel}","templated":true}]}}