{"id":2096,"date":"2021-02-04T13:59:51","date_gmt":"2021-02-04T12:59:51","guid":{"rendered":"https:\/\/wirtschaftspost-online.de\/?p=2096"},"modified":"2021-02-04T14:02:33","modified_gmt":"2021-02-04T13:02:33","slug":"schaufenster-aktion-gegen-perspektivlosigkeit","status":"publish","type":"post","link":"https:\/\/wirtschaftspost-online.de\/?p=2096","title":{"rendered":"Schaufenster-Aktion gegen Perspektivlosigkeit"},"content":{"rendered":"\n<h3 class=\"wp-block-heading\">Machen Sie am 5. Februar mit!<\/h3>\n\n\n<p><img loading=\"lazy\" decoding=\"async\" class=\"wp-image-1785 alignright\" src=\"https:\/\/wirtschaftspost-online.de\/wp-content\/uploads\/2020\/10\/logo_hwk_magdeburg-300x169.png\" alt=\"\" width=\"185\" height=\"104\" srcset=\"https:\/\/wirtschaftspost-online.de\/wp-content\/uploads\/2020\/10\/logo_hwk_magdeburg-300x169.png 300w, https:\/\/wirtschaftspost-online.de\/wp-content\/uploads\/2020\/10\/logo_hwk_magdeburg-768x432.png 768w, https:\/\/wirtschaftspost-online.de\/wp-content\/uploads\/2020\/10\/logo_hwk_magdeburg-650x366.png 650w, https:\/\/wirtschaftspost-online.de\/wp-content\/uploads\/2020\/10\/logo_hwk_magdeburg.png 800w\" sizes=\"auto, (max-width: 185px) 100vw, 185px\" \/>Friseur-, Kosmetiker- und Fu\u00dfpflegeunternehmen im Land Sachsen-Anhalt sind an ihre Grenzen gelangt: Wochenlange pandemiebedingte Schlie\u00dfungen haben die vorhandenen Reserven aufgebraucht; eine angemessene zeitnahe Hilfe f\u00fcr die kleinen Betriebe ist nicht Sicht. Daher haben Unternehmerinnen und Unternehmer aus den betroffenen Gewerken eine Aktion ins Leben gerufen, die auf ihre Situation aufmerksam machen soll.<\/p>\n<p><strong>Am Freitag, dem 5. Februar 2021<\/strong>, werden sich Betriebe dieser Gewerke in ganz Sachsen-Anhalt mit einer Aktion an die Landespolitik wenden. Das Motto an diesem Tag lautet: \u201eWenn Ihr weiter nur die Gro\u00dfen rettet, k\u00f6nnte es HIER bald SO aussehen! WIR BRAUCHEN EINE PERSPEKTIVE!\u201c. <\/p>\n\n\n<figure class=\"wp-block-image size-large\"><img loading=\"lazy\" decoding=\"async\" width=\"700\" height=\"368\" src=\"https:\/\/wirtschaftspost-online.de\/wp-content\/uploads\/2021\/02\/Protestaktion.jpg\" alt=\"\" class=\"wp-image-2097\" srcset=\"https:\/\/wirtschaftspost-online.de\/wp-content\/uploads\/2021\/02\/Protestaktion.jpg 700w, https:\/\/wirtschaftspost-online.de\/wp-content\/uploads\/2021\/02\/Protestaktion-300x158.jpg 300w, https:\/\/wirtschaftspost-online.de\/wp-content\/uploads\/2021\/02\/Protestaktion-650x342.jpg 650w\" sizes=\"auto, (max-width: 700px) 100vw, 700px\" \/><\/figure>\n\n\n<p>Auch andere betroffene Gewerke k\u00f6nnen sich beteiligen. Schaufenster und Ladengesch\u00e4fte werden abgeklebt, um symbolisch die Perspektivlosigkeit der vor allem kleinen und mittleren Betriebe darzustellen. Die Aktion soll verdeutlichen, welche Folgen auf die St\u00e4dte und Gemeinden zukommen k\u00f6nnten.<br \/><br \/><\/p>\n<p><strong>Machen auch Sie mit!<\/strong> Kleben Sie Ihr Schaufenster ab und das Plakat aus dem <a href=\"https:\/\/www.hwk-magdeburg.de\/schaufenster-aktion\" target=\"_blank\" rel=\"noopener\">Download-Bereich<\/a> hinein, um symbolisch eine Perspektive einzufordern. Die Aktion soll verdeutlichen, welche Folgen auf die St\u00e4dte und Gemeinden zukommen k\u00f6nnten.<\/p>\n<p>Weitere Informationen unter <a href=\"https:\/\/www.hwk-magdeburg.de\/schaufenster-aktion\" target=\"_blank\" rel=\"noopener\">www.hwk-magdeburg.de\/schaufenster-aktion<\/a><\/p>","protected":false},"excerpt":{"rendered":"<p>Machen Sie am 5. Februar mit! Friseur-, Kosmetiker- und Fu\u00dfpflegeunternehmen im Land Sachsen-Anhalt sind an ihre Grenzen gelangt: Wochenlange pandemiebedingte Schlie\u00dfungen haben die vorhandenen Reserven aufgebraucht; eine angemessene zeitnahe Hilfe f\u00fcr die kleinen Betriebe ist nicht Sicht. Daher haben Unternehmerinnen <a class=\"more-link\" href=\"https:\/\/wirtschaftspost-online.de\/?p=2096\">[ . . . ]<\/a><\/p>\n","protected":false},"author":1,"featured_media":0,"comment_status":"closed","ping_status":"closed","sticky":false,"template":"","format":"standard","meta":{"footnotes":""},"categories":[1],"tags":[],"class_list":["post-2096","post","type-post","status-publish","format-standard","hentry","category-allgemein"],"aioseo_notices":[],"aioseo_head":"\n\t\t<!-- All in One SEO 4.9.10 - aioseo.com -->\n\t<meta name=\"description\" content=\"Machen Sie am 5. Februar mit! Friseur-, Kosmetiker- und Fu\u00dfpflegeunternehmen im Land Sachsen-Anhalt sind an ihre Grenzen gelangt: Wochenlange pandemiebedingte Schlie\u00dfungen haben die vorhandenen Reserven aufgebraucht; eine angemessene zeitnahe Hilfe f\u00fcr die kleinen Betriebe ist nicht Sicht. Daher haben Unternehmerinnen und Unternehmer aus den betroffenen Gewerken eine Aktion ins Leben gerufen, die auf ihre Situation\" \/>\n\t<meta name=\"robots\" content=\"max-image-preview:large\" \/>\n\t<meta name=\"author\" content=\"MaWille_65\"\/>\n\t<link rel=\"canonical\" href=\"https:\/\/wirtschaftspost-online.de\/?p=2096\" \/>\n\t<meta name=\"generator\" content=\"All in One SEO (AIOSEO) 4.9.10\" \/>\n\t\t<meta property=\"og:locale\" content=\"de_DE\" \/>\n\t\t<meta property=\"og:site_name\" content=\"Wirtschaftspost-Online - Das B2B-Online-Magazin in Sachsen, Sachsen-Anhalt und Th\u00fcringen\" \/>\n\t\t<meta property=\"og:type\" content=\"article\" \/>\n\t\t<meta property=\"og:title\" content=\"Schaufenster-Aktion gegen Perspektivlosigkeit - Wirtschaftspost-Online\" \/>\n\t\t<meta property=\"og:description\" content=\"Machen Sie am 5. Februar mit! Friseur-, Kosmetiker- und Fu\u00dfpflegeunternehmen im Land Sachsen-Anhalt sind an ihre Grenzen gelangt: Wochenlange pandemiebedingte Schlie\u00dfungen haben die vorhandenen Reserven aufgebraucht; eine angemessene zeitnahe Hilfe f\u00fcr die kleinen Betriebe ist nicht Sicht. Daher haben Unternehmerinnen und Unternehmer aus den betroffenen Gewerken eine Aktion ins Leben gerufen, die auf ihre Situation\" \/>\n\t\t<meta property=\"og:url\" content=\"https:\/\/wirtschaftspost-online.de\/?p=2096\" \/>\n\t\t<meta property=\"og:image\" content=\"https:\/\/wirtschaftspost-online.de\/wp-content\/uploads\/2022\/01\/Header_SZ_3.png\" \/>\n\t\t<meta property=\"og:image:secure_url\" content=\"https:\/\/wirtschaftspost-online.de\/wp-content\/uploads\/2022\/01\/Header_SZ_3.png\" \/>\n\t\t<meta property=\"article:published_time\" content=\"2021-02-04T12:59:51+00:00\" \/>\n\t\t<meta property=\"article:modified_time\" content=\"2021-02-04T13:02:33+00:00\" \/>\n\t\t<meta name=\"twitter:card\" content=\"summary\" \/>\n\t\t<meta name=\"twitter:title\" content=\"Schaufenster-Aktion gegen Perspektivlosigkeit - Wirtschaftspost-Online\" \/>\n\t\t<meta name=\"twitter:description\" content=\"Machen Sie am 5. Februar mit! Friseur-, Kosmetiker- und Fu\u00dfpflegeunternehmen im Land Sachsen-Anhalt sind an ihre Grenzen gelangt: Wochenlange pandemiebedingte Schlie\u00dfungen haben die vorhandenen Reserven aufgebraucht; eine angemessene zeitnahe Hilfe f\u00fcr die kleinen Betriebe ist nicht Sicht. Daher haben Unternehmerinnen und Unternehmer aus den betroffenen Gewerken eine Aktion ins Leben gerufen, die auf ihre Situation\" \/>\n\t\t<meta name=\"twitter:image\" content=\"https:\/\/wirtschaftspost-online.de\/wp-content\/uploads\/2022\/01\/Header_SZ_3.png\" \/>\n\t\t<script type=\"application\/ld+json\" class=\"aioseo-schema\">\n\t\t\t{\"@context\":\"https:\\\/\\\/schema.org\",\"@graph\":[{\"@type\":\"BlogPosting\",\"@id\":\"https:\\\/\\\/wirtschaftspost-online.de\\\/?p=2096#blogposting\",\"name\":\"Schaufenster-Aktion gegen Perspektivlosigkeit - Wirtschaftspost-Online\",\"headline\":\"Schaufenster-Aktion gegen Perspektivlosigkeit\",\"author\":{\"@id\":\"https:\\\/\\\/wirtschaftspost-online.de\\\/?author=1#author\"},\"publisher\":{\"@id\":\"https:\\\/\\\/wirtschaftspost-online.de\\\/#organization\"},\"image\":{\"@type\":\"ImageObject\",\"url\":\"https:\\\/\\\/wirtschaftspost-online.de\\\/wp-content\\\/uploads\\\/2020\\\/10\\\/logo_hwk_magdeburg.png\",\"@id\":\"https:\\\/\\\/wirtschaftspost-online.de\\\/?p=2096\\\/#articleImage\",\"width\":800,\"height\":450},\"datePublished\":\"2021-02-04T13:59:51+01:00\",\"dateModified\":\"2021-02-04T14:02:33+01:00\",\"inLanguage\":\"de-DE\",\"mainEntityOfPage\":{\"@id\":\"https:\\\/\\\/wirtschaftspost-online.de\\\/?p=2096#webpage\"},\"isPartOf\":{\"@id\":\"https:\\\/\\\/wirtschaftspost-online.de\\\/?p=2096#webpage\"},\"articleSection\":\"Allgemein\"},{\"@type\":\"BreadcrumbList\",\"@id\":\"https:\\\/\\\/wirtschaftspost-online.de\\\/?p=2096#breadcrumblist\",\"itemListElement\":[{\"@type\":\"ListItem\",\"@id\":\"https:\\\/\\\/wirtschaftspost-online.de#listItem\",\"position\":1,\"name\":\"Home\",\"item\":\"https:\\\/\\\/wirtschaftspost-online.de\",\"nextItem\":{\"@type\":\"ListItem\",\"@id\":\"https:\\\/\\\/wirtschaftspost-online.de\\\/?cat=1#listItem\",\"name\":\"Allgemein\"}},{\"@type\":\"ListItem\",\"@id\":\"https:\\\/\\\/wirtschaftspost-online.de\\\/?cat=1#listItem\",\"position\":2,\"name\":\"Allgemein\",\"item\":\"https:\\\/\\\/wirtschaftspost-online.de\\\/?cat=1\",\"nextItem\":{\"@type\":\"ListItem\",\"@id\":\"https:\\\/\\\/wirtschaftspost-online.de\\\/?p=2096#listItem\",\"name\":\"Schaufenster-Aktion gegen Perspektivlosigkeit\"},\"previousItem\":{\"@type\":\"ListItem\",\"@id\":\"https:\\\/\\\/wirtschaftspost-online.de#listItem\",\"name\":\"Home\"}},{\"@type\":\"ListItem\",\"@id\":\"https:\\\/\\\/wirtschaftspost-online.de\\\/?p=2096#listItem\",\"position\":3,\"name\":\"Schaufenster-Aktion gegen Perspektivlosigkeit\",\"previousItem\":{\"@type\":\"ListItem\",\"@id\":\"https:\\\/\\\/wirtschaftspost-online.de\\\/?cat=1#listItem\",\"name\":\"Allgemein\"}}]},{\"@type\":\"Organization\",\"@id\":\"https:\\\/\\\/wirtschaftspost-online.de\\\/#organization\",\"name\":\"Wirtschaftspost-Online\",\"description\":\"Das B2B-Online-Magazin in Sachsen, Sachsen-Anhalt und Th\\u00fcringen\",\"url\":\"https:\\\/\\\/wirtschaftspost-online.de\\\/\",\"logo\":{\"@type\":\"ImageObject\",\"url\":\"https:\\\/\\\/wirtschaftspost-online.de\\\/wp-content\\\/uploads\\\/2020\\\/04\\\/WIPO-Schriftzug-jpg-transparent-1-scaled.jpg\",\"@id\":\"https:\\\/\\\/wirtschaftspost-online.de\\\/?p=2096\\\/#organizationLogo\",\"width\":2560,\"height\":431},\"image\":{\"@id\":\"https:\\\/\\\/wirtschaftspost-online.de\\\/?p=2096\\\/#organizationLogo\"}},{\"@type\":\"Person\",\"@id\":\"https:\\\/\\\/wirtschaftspost-online.de\\\/?author=1#author\",\"url\":\"https:\\\/\\\/wirtschaftspost-online.de\\\/?author=1\",\"name\":\"MaWille_65\",\"image\":{\"@type\":\"ImageObject\",\"@id\":\"https:\\\/\\\/wirtschaftspost-online.de\\\/?p=2096#authorImage\",\"url\":\"https:\\\/\\\/secure.gravatar.com\\\/avatar\\\/32660d3bff6c6e8c7ed753a94a2986be73db30d6d6e2f523acc2d286d48ef228?s=96&d=mm&r=g\",\"width\":96,\"height\":96,\"caption\":\"MaWille_65\"}},{\"@type\":\"WebPage\",\"@id\":\"https:\\\/\\\/wirtschaftspost-online.de\\\/?p=2096#webpage\",\"url\":\"https:\\\/\\\/wirtschaftspost-online.de\\\/?p=2096\",\"name\":\"Schaufenster-Aktion gegen Perspektivlosigkeit - Wirtschaftspost-Online\",\"description\":\"Machen Sie am 5. Februar mit! Friseur-, Kosmetiker- und Fu\\u00dfpflegeunternehmen im Land Sachsen-Anhalt sind an ihre Grenzen gelangt: Wochenlange pandemiebedingte Schlie\\u00dfungen haben die vorhandenen Reserven aufgebraucht; eine angemessene zeitnahe Hilfe f\\u00fcr die kleinen Betriebe ist nicht Sicht. Daher haben Unternehmerinnen und Unternehmer aus den betroffenen Gewerken eine Aktion ins Leben gerufen, die auf ihre Situation\",\"inLanguage\":\"de-DE\",\"isPartOf\":{\"@id\":\"https:\\\/\\\/wirtschaftspost-online.de\\\/#website\"},\"breadcrumb\":{\"@id\":\"https:\\\/\\\/wirtschaftspost-online.de\\\/?p=2096#breadcrumblist\"},\"author\":{\"@id\":\"https:\\\/\\\/wirtschaftspost-online.de\\\/?author=1#author\"},\"creator\":{\"@id\":\"https:\\\/\\\/wirtschaftspost-online.de\\\/?author=1#author\"},\"datePublished\":\"2021-02-04T13:59:51+01:00\",\"dateModified\":\"2021-02-04T14:02:33+01:00\"},{\"@type\":\"WebSite\",\"@id\":\"https:\\\/\\\/wirtschaftspost-online.de\\\/#website\",\"url\":\"https:\\\/\\\/wirtschaftspost-online.de\\\/\",\"name\":\"Wirtschaftspost-Online\",\"description\":\"Das B2B-Online-Magazin in Sachsen, Sachsen-Anhalt und Th\\u00fcringen\",\"inLanguage\":\"de-DE\",\"publisher\":{\"@id\":\"https:\\\/\\\/wirtschaftspost-online.de\\\/#organization\"}}]}\n\t\t<\/script>\n\t\t<!-- All in One SEO -->\n\n","aioseo_head_json":{"title":"Schaufenster-Aktion gegen Perspektivlosigkeit - Wirtschaftspost-Online","description":"Machen Sie am 5. Februar mit! Friseur-, Kosmetiker- und Fu\u00dfpflegeunternehmen im Land Sachsen-Anhalt sind an ihre Grenzen gelangt: Wochenlange pandemiebedingte Schlie\u00dfungen haben die vorhandenen Reserven aufgebraucht; eine angemessene zeitnahe Hilfe f\u00fcr die kleinen Betriebe ist nicht Sicht. Daher haben Unternehmerinnen und Unternehmer aus den betroffenen Gewerken eine Aktion ins Leben gerufen, die auf ihre Situation","canonical_url":"https:\/\/wirtschaftspost-online.de\/?p=2096","robots":"max-image-preview:large","keywords":"","webmasterTools":{"miscellaneous":""},"schema":{"@context":"https:\/\/schema.org","@graph":[{"@type":"BlogPosting","@id":"https:\/\/wirtschaftspost-online.de\/?p=2096#blogposting","name":"Schaufenster-Aktion gegen Perspektivlosigkeit - Wirtschaftspost-Online","headline":"Schaufenster-Aktion gegen Perspektivlosigkeit","author":{"@id":"https:\/\/wirtschaftspost-online.de\/?author=1#author"},"publisher":{"@id":"https:\/\/wirtschaftspost-online.de\/#organization"},"image":{"@type":"ImageObject","url":"https:\/\/wirtschaftspost-online.de\/wp-content\/uploads\/2020\/10\/logo_hwk_magdeburg.png","@id":"https:\/\/wirtschaftspost-online.de\/?p=2096\/#articleImage","width":800,"height":450},"datePublished":"2021-02-04T13:59:51+01:00","dateModified":"2021-02-04T14:02:33+01:00","inLanguage":"de-DE","mainEntityOfPage":{"@id":"https:\/\/wirtschaftspost-online.de\/?p=2096#webpage"},"isPartOf":{"@id":"https:\/\/wirtschaftspost-online.de\/?p=2096#webpage"},"articleSection":"Allgemein"},{"@type":"BreadcrumbList","@id":"https:\/\/wirtschaftspost-online.de\/?p=2096#breadcrumblist","itemListElement":[{"@type":"ListItem","@id":"https:\/\/wirtschaftspost-online.de#listItem","position":1,"name":"Home","item":"https:\/\/wirtschaftspost-online.de","nextItem":{"@type":"ListItem","@id":"https:\/\/wirtschaftspost-online.de\/?cat=1#listItem","name":"Allgemein"}},{"@type":"ListItem","@id":"https:\/\/wirtschaftspost-online.de\/?cat=1#listItem","position":2,"name":"Allgemein","item":"https:\/\/wirtschaftspost-online.de\/?cat=1","nextItem":{"@type":"ListItem","@id":"https:\/\/wirtschaftspost-online.de\/?p=2096#listItem","name":"Schaufenster-Aktion gegen Perspektivlosigkeit"},"previousItem":{"@type":"ListItem","@id":"https:\/\/wirtschaftspost-online.de#listItem","name":"Home"}},{"@type":"ListItem","@id":"https:\/\/wirtschaftspost-online.de\/?p=2096#listItem","position":3,"name":"Schaufenster-Aktion gegen Perspektivlosigkeit","previousItem":{"@type":"ListItem","@id":"https:\/\/wirtschaftspost-online.de\/?cat=1#listItem","name":"Allgemein"}}]},{"@type":"Organization","@id":"https:\/\/wirtschaftspost-online.de\/#organization","name":"Wirtschaftspost-Online","description":"Das B2B-Online-Magazin in Sachsen, Sachsen-Anhalt und Th\u00fcringen","url":"https:\/\/wirtschaftspost-online.de\/","logo":{"@type":"ImageObject","url":"https:\/\/wirtschaftspost-online.de\/wp-content\/uploads\/2020\/04\/WIPO-Schriftzug-jpg-transparent-1-scaled.jpg","@id":"https:\/\/wirtschaftspost-online.de\/?p=2096\/#organizationLogo","width":2560,"height":431},"image":{"@id":"https:\/\/wirtschaftspost-online.de\/?p=2096\/#organizationLogo"}},{"@type":"Person","@id":"https:\/\/wirtschaftspost-online.de\/?author=1#author","url":"https:\/\/wirtschaftspost-online.de\/?author=1","name":"MaWille_65","image":{"@type":"ImageObject","@id":"https:\/\/wirtschaftspost-online.de\/?p=2096#authorImage","url":"https:\/\/secure.gravatar.com\/avatar\/32660d3bff6c6e8c7ed753a94a2986be73db30d6d6e2f523acc2d286d48ef228?s=96&d=mm&r=g","width":96,"height":96,"caption":"MaWille_65"}},{"@type":"WebPage","@id":"https:\/\/wirtschaftspost-online.de\/?p=2096#webpage","url":"https:\/\/wirtschaftspost-online.de\/?p=2096","name":"Schaufenster-Aktion gegen Perspektivlosigkeit - Wirtschaftspost-Online","description":"Machen Sie am 5. Februar mit! Friseur-, Kosmetiker- und Fu\u00dfpflegeunternehmen im Land Sachsen-Anhalt sind an ihre Grenzen gelangt: Wochenlange pandemiebedingte Schlie\u00dfungen haben die vorhandenen Reserven aufgebraucht; eine angemessene zeitnahe Hilfe f\u00fcr die kleinen Betriebe ist nicht Sicht. Daher haben Unternehmerinnen und Unternehmer aus den betroffenen Gewerken eine Aktion ins Leben gerufen, die auf ihre Situation","inLanguage":"de-DE","isPartOf":{"@id":"https:\/\/wirtschaftspost-online.de\/#website"},"breadcrumb":{"@id":"https:\/\/wirtschaftspost-online.de\/?p=2096#breadcrumblist"},"author":{"@id":"https:\/\/wirtschaftspost-online.de\/?author=1#author"},"creator":{"@id":"https:\/\/wirtschaftspost-online.de\/?author=1#author"},"datePublished":"2021-02-04T13:59:51+01:00","dateModified":"2021-02-04T14:02:33+01:00"},{"@type":"WebSite","@id":"https:\/\/wirtschaftspost-online.de\/#website","url":"https:\/\/wirtschaftspost-online.de\/","name":"Wirtschaftspost-Online","description":"Das B2B-Online-Magazin in Sachsen, Sachsen-Anhalt und Th\u00fcringen","inLanguage":"de-DE","publisher":{"@id":"https:\/\/wirtschaftspost-online.de\/#organization"}}]},"og:locale":"de_DE","og:site_name":"Wirtschaftspost-Online - Das B2B-Online-Magazin in Sachsen, Sachsen-Anhalt und Th\u00fcringen","og:type":"article","og:title":"Schaufenster-Aktion gegen Perspektivlosigkeit - Wirtschaftspost-Online","og:description":"Machen Sie am 5. Februar mit! Friseur-, Kosmetiker- und Fu\u00dfpflegeunternehmen im Land Sachsen-Anhalt sind an ihre Grenzen gelangt: Wochenlange pandemiebedingte Schlie\u00dfungen haben die vorhandenen Reserven aufgebraucht; eine angemessene zeitnahe Hilfe f\u00fcr die kleinen Betriebe ist nicht Sicht. Daher haben Unternehmerinnen und Unternehmer aus den betroffenen Gewerken eine Aktion ins Leben gerufen, die auf ihre Situation","og:url":"https:\/\/wirtschaftspost-online.de\/?p=2096","og:image":"https:\/\/wirtschaftspost-online.de\/wp-content\/uploads\/2022\/01\/Header_SZ_3.png","og:image:secure_url":"https:\/\/wirtschaftspost-online.de\/wp-content\/uploads\/2022\/01\/Header_SZ_3.png","article:published_time":"2021-02-04T12:59:51+00:00","article:modified_time":"2021-02-04T13:02:33+00:00","twitter:card":"summary","twitter:title":"Schaufenster-Aktion gegen Perspektivlosigkeit - Wirtschaftspost-Online","twitter:description":"Machen Sie am 5. Februar mit! Friseur-, Kosmetiker- und Fu\u00dfpflegeunternehmen im Land Sachsen-Anhalt sind an ihre Grenzen gelangt: Wochenlange pandemiebedingte Schlie\u00dfungen haben die vorhandenen Reserven aufgebraucht; eine angemessene zeitnahe Hilfe f\u00fcr die kleinen Betriebe ist nicht Sicht. Daher haben Unternehmerinnen und Unternehmer aus den betroffenen Gewerken eine Aktion ins Leben gerufen, die auf ihre Situation","twitter:image":"https:\/\/wirtschaftspost-online.de\/wp-content\/uploads\/2022\/01\/Header_SZ_3.png"},"aioseo_meta_data":{"post_id":"2096","title":null,"description":null,"keywords":null,"keyphrases":null,"primary_term":null,"canonical_url":null,"og_title":null,"og_description":null,"og_object_type":"default","og_image_type":"default","og_image_url":null,"og_image_width":null,"og_image_height":null,"og_image_custom_url":null,"og_image_custom_fields":null,"og_video":null,"og_custom_url":null,"og_article_section":null,"og_article_tags":null,"twitter_use_og":false,"twitter_card":"default","twitter_image_type":"default","twitter_image_url":null,"twitter_image_custom_url":null,"twitter_image_custom_fields":null,"twitter_title":null,"twitter_description":null,"schema":{"blockGraphs":[],"customGraphs":[],"default":{"data":{"Article":[],"Course":[],"Dataset":[],"FAQPage":[],"Movie":[],"Person":[],"Product":[],"ProductReview":[],"Car":[],"Recipe":[],"Service":[],"SoftwareApplication":[],"WebPage":[]},"graphName":"","isEnabled":true},"graphs":[]},"schema_type":"default","schema_type_options":null,"pillar_content":false,"robots_default":true,"robots_noindex":false,"robots_noarchive":false,"robots_nosnippet":false,"robots_nofollow":false,"robots_noimageindex":false,"robots_noodp":false,"robots_notranslate":false,"robots_max_snippet":null,"robots_max_videopreview":null,"robots_max_imagepreview":"large","priority":null,"frequency":null,"local_seo":null,"breadcrumb_settings":null,"limit_modified_date":false,"ai":null,"created":"2022-04-02 11:45:39","updated":"2025-07-16 11:25:58","seo_analyzer_scan_date":null},"aioseo_breadcrumb":"<div class=\"aioseo-breadcrumbs\"><span class=\"aioseo-breadcrumb\">\n\t\t\t<a href=\"https:\/\/wirtschaftspost-online.de\" title=\"Home\">Home<\/a>\n\t\t<\/span><span class=\"aioseo-breadcrumb-separator\">&raquo;<\/span><span class=\"aioseo-breadcrumb\">\n\t\t\t<a href=\"https:\/\/wirtschaftspost-online.de\/?cat=1\" title=\"Allgemein\">Allgemein<\/a>\n\t\t<\/span><span class=\"aioseo-breadcrumb-separator\">&raquo;<\/span><span class=\"aioseo-breadcrumb\">\n\t\t\tSchaufenster-Aktion gegen Perspektivlosigkeit\n\t\t<\/span><\/div>","aioseo_breadcrumb_json":[{"label":"Home","link":"https:\/\/wirtschaftspost-online.de"},{"label":"Allgemein","link":"https:\/\/wirtschaftspost-online.de\/?cat=1"},{"label":"Schaufenster-Aktion gegen Perspektivlosigkeit","link":"https:\/\/wirtschaftspost-online.de\/?p=2096"}],"_links":{"self":[{"href":"https:\/\/wirtschaftspost-online.de\/index.php?rest_route=\/wp\/v2\/posts\/2096","targetHints":{"allow":["GET"]}}],"collection":[{"href":"https:\/\/wirtschaftspost-online.de\/index.php?rest_route=\/wp\/v2\/posts"}],"about":[{"href":"https:\/\/wirtschaftspost-online.de\/index.php?rest_route=\/wp\/v2\/types\/post"}],"author":[{"embeddable":true,"href":"https:\/\/wirtschaftspost-online.de\/index.php?rest_route=\/wp\/v2\/users\/1"}],"replies":[{"embeddable":true,"href":"https:\/\/wirtschaftspost-online.de\/index.php?rest_route=%2Fwp%2Fv2%2Fcomments&post=2096"}],"version-history":[{"count":3,"href":"https:\/\/wirtschaftspost-online.de\/index.php?rest_route=\/wp\/v2\/posts\/2096\/revisions"}],"predecessor-version":[{"id":2100,"href":"https:\/\/wirtschaftspost-online.de\/index.php?rest_route=\/wp\/v2\/posts\/2096\/revisions\/2100"}],"wp:attachment":[{"href":"https:\/\/wirtschaftspost-online.de\/index.php?rest_route=%2Fwp%2Fv2%2Fmedia&parent=2096"}],"wp:term":[{"taxonomy":"category","embeddable":true,"href":"https:\/\/wirtschaftspost-online.de\/index.php?rest_route=%2Fwp%2Fv2%2Fcategories&post=2096"},{"taxonomy":"post_tag","embeddable":true,"href":"https:\/\/wirtschaftspost-online.de\/index.php?rest_route=%2Fwp%2Fv2%2Ftags&post=2096"}],"curies":[{"name":"wp","href":"https:\/\/api.w.org\/{rel}","templated":true}]}}