{"id":2744,"date":"2021-10-19T22:43:25","date_gmt":"2021-10-19T20:43:25","guid":{"rendered":"https:\/\/wirtschaftspost-online.de\/?p=2744"},"modified":"2021-10-29T14:18:23","modified_gmt":"2021-10-29T12:18:23","slug":"kitu-zusammen-in-die-digitale-zukunft-kitu-tag-2021-resuemee","status":"publish","type":"post","link":"https:\/\/wirtschaftspost-online.de\/?p=2744","title":{"rendered":"KITU-TAG 2021: Zusammen in die Digitale Zukunft"},"content":{"rendered":"\n<p><strong>(Magdeburg, 19. 10. 2021) Am 13. Oktober fand zum f\u00fcnften Mal die wahrscheinlich gr\u00f6\u00dfte IT-Messe in Sachsen-Anhalt in der Mittellandhalle Barleben mit knapp 400 Teilnehmern unter 2G-Bedingungen statt. <\/strong><\/p>\n\n\n\n<div class=\"wp-block-image\"><figure class=\"alignright size-large\"><img loading=\"lazy\" decoding=\"async\" width=\"236\" height=\"105\" src=\"https:\/\/wirtschaftspost-online.de\/wp-content\/uploads\/2021\/10\/kitu-logo.png\" alt=\"\" class=\"wp-image-2749\"\/><\/figure><\/div>\n\n\n\n<figure class=\"wp-block-image size-large\"><img loading=\"lazy\" decoding=\"async\" width=\"140\" height=\"139\" src=\"https:\/\/wirtschaftspost-online.de\/wp-content\/uploads\/2021\/10\/kid-logo-1.bmp\" alt=\"\" class=\"wp-image-2750\"\/><\/figure>\n\n\n<p><img loading=\"lazy\" decoding=\"async\" class=\" wp-image-2745 alignright\" src=\"https:\/\/wirtschaftspost-online.de\/wp-content\/uploads\/2021\/10\/Er\u00f6ffnung-Wandersleb-215x300.jpg\" alt=\"\" width=\"156\" height=\"218\" srcset=\"https:\/\/wirtschaftspost-online.de\/wp-content\/uploads\/2021\/10\/Er\u00f6ffnung-Wandersleb-215x300.jpg 215w, https:\/\/wirtschaftspost-online.de\/wp-content\/uploads\/2021\/10\/Er\u00f6ffnung-Wandersleb-735x1024.jpg 735w, https:\/\/wirtschaftspost-online.de\/wp-content\/uploads\/2021\/10\/Er\u00f6ffnung-Wandersleb-768x1069.jpg 768w, https:\/\/wirtschaftspost-online.de\/wp-content\/uploads\/2021\/10\/Er\u00f6ffnung-Wandersleb-1103x1536.jpg 1103w, https:\/\/wirtschaftspost-online.de\/wp-content\/uploads\/2021\/10\/Er\u00f6ffnung-Wandersleb-1471x2048.jpg 1471w, https:\/\/wirtschaftspost-online.de\/wp-content\/uploads\/2021\/10\/Er\u00f6ffnung-Wandersleb-650x905.jpg 650w, https:\/\/wirtschaftspost-online.de\/wp-content\/uploads\/2021\/10\/Er\u00f6ffnung-Wandersleb-300x418.jpg 300w, https:\/\/wirtschaftspost-online.de\/wp-content\/uploads\/2021\/10\/Er\u00f6ffnung-Wandersleb-1320x1838.jpg 1320w, https:\/\/wirtschaftspost-online.de\/wp-content\/uploads\/2021\/10\/Er\u00f6ffnung-Wandersleb.jpg 1835w\" sizes=\"auto, (max-width: 156px) 100vw, 156px\" \/>Zur Er\u00f6ffnung sprachen Dr. Michael Wandersleb, Vorstandsvorsitzender der Kommunalen IT-UNION eG (KITU) und Gesch\u00e4ftsf\u00fchrer der KID Magdeburg sowie Bernd Schl\u00f6mer, Staatssekret\u00e4r und CIO des Ministeriums f\u00fcr Infrastruktur und Digitales des Landes Sachsen-Anhalt.<\/p>\n\n\n<div style=\"height:20px\" aria-hidden=\"true\" class=\"wp-block-spacer\"><\/div>\n\n\n\n<div class=\"wp-block-image\"><figure class=\"alignleft size-large is-resized\"><img loading=\"lazy\" decoding=\"async\" src=\"https:\/\/wirtschaftspost-online.de\/wp-content\/uploads\/2021\/10\/Er\u00f6ffnungsrede-Staatssektret\u00e4r-un-CIO-Bernd-Schl\u00f6mer-1024x819.jpg\" alt=\"\" class=\"wp-image-2746\" width=\"220\" height=\"176\" srcset=\"https:\/\/wirtschaftspost-online.de\/wp-content\/uploads\/2021\/10\/Er\u00f6ffnungsrede-Staatssektret\u00e4r-un-CIO-Bernd-Schl\u00f6mer-1024x819.jpg 1024w, https:\/\/wirtschaftspost-online.de\/wp-content\/uploads\/2021\/10\/Er\u00f6ffnungsrede-Staatssektret\u00e4r-un-CIO-Bernd-Schl\u00f6mer-300x240.jpg 300w, https:\/\/wirtschaftspost-online.de\/wp-content\/uploads\/2021\/10\/Er\u00f6ffnungsrede-Staatssektret\u00e4r-un-CIO-Bernd-Schl\u00f6mer-768x614.jpg 768w, https:\/\/wirtschaftspost-online.de\/wp-content\/uploads\/2021\/10\/Er\u00f6ffnungsrede-Staatssektret\u00e4r-un-CIO-Bernd-Schl\u00f6mer-1536x1228.jpg 1536w, https:\/\/wirtschaftspost-online.de\/wp-content\/uploads\/2021\/10\/Er\u00f6ffnungsrede-Staatssektret\u00e4r-un-CIO-Bernd-Schl\u00f6mer-2048x1638.jpg 2048w, https:\/\/wirtschaftspost-online.de\/wp-content\/uploads\/2021\/10\/Er\u00f6ffnungsrede-Staatssektret\u00e4r-un-CIO-Bernd-Schl\u00f6mer-650x520.jpg 650w, https:\/\/wirtschaftspost-online.de\/wp-content\/uploads\/2021\/10\/Er\u00f6ffnungsrede-Staatssektret\u00e4r-un-CIO-Bernd-Schl\u00f6mer-1320x1056.jpg 1320w\" sizes=\"auto, (max-width: 220px) 100vw, 220px\" \/><figcaption>Gru\u00dfworte von Bernd Schl\u00f6mer, Staatssekret\u00e4r und CIO des Ministeriums f\u00fcr Infrastruktur und Digitales des Landes Sachsen-Anhalt<\/figcaption><\/figure><\/div>\n\n\n\n<p>Partnerunternehmen der KITU standen auf einem Marktplatz f\u00fcr intensive Gespr\u00e4che zur Verf\u00fcgung. In spannenden Fachvortr\u00e4gen konnten sich alle Teilnehmer \u00fcber relevante IT-Themen und Trends zur Digitalisierung informieren. Vortragsbegleitend bestand die M\u00f6glichkeit, sich \u00fcber die Vorteile einer Mitgliedschaft in der KITU beraten zu lassen.<\/p>\n\n\n\n<div style=\"height:20px\" aria-hidden=\"true\" class=\"wp-block-spacer\"><\/div>\n\n\n\n<p>Im Gemeindesaal der Mittellandhalle gab es einen besonderen Bereich, die \u201eOZG-Lounge\u201c, in der die Kooperation der KITU mit dem IT-Dienstleister der Landesverwaltung Dataport A\u00f6R sowie OZG-Produkte vorgestellt wurden. Auch Sachsen-Anhalts neue Europaabgeordnete Karolin Braunsberger-Reinhold kn\u00fcpfte beim KITU-TAG in Barleben erste Kontakte. E-Sports-Wettk\u00e4mpfe und ein Schnellzeichner rundeten das Programm ab.<br><br><strong>Res\u00fcme:<\/strong> Der KITU-TAG 2021 war eine sehr gelungene Veranstaltung.<\/p>\n\n\n\n<figure class=\"wp-block-image size-large\"><img loading=\"lazy\" decoding=\"async\" width=\"1024\" height=\"413\" src=\"https:\/\/wirtschaftspost-online.de\/wp-content\/uploads\/2021\/10\/Marktplatz-1024x413.jpg\" alt=\"\" class=\"wp-image-2747\" srcset=\"https:\/\/wirtschaftspost-online.de\/wp-content\/uploads\/2021\/10\/Marktplatz-1024x413.jpg 1024w, https:\/\/wirtschaftspost-online.de\/wp-content\/uploads\/2021\/10\/Marktplatz-300x121.jpg 300w, https:\/\/wirtschaftspost-online.de\/wp-content\/uploads\/2021\/10\/Marktplatz-768x310.jpg 768w, https:\/\/wirtschaftspost-online.de\/wp-content\/uploads\/2021\/10\/Marktplatz-1536x619.jpg 1536w, https:\/\/wirtschaftspost-online.de\/wp-content\/uploads\/2021\/10\/Marktplatz-2048x826.jpg 2048w, https:\/\/wirtschaftspost-online.de\/wp-content\/uploads\/2021\/10\/Marktplatz-650x262.jpg 650w, https:\/\/wirtschaftspost-online.de\/wp-content\/uploads\/2021\/10\/Marktplatz-1320x532.jpg 1320w\" sizes=\"auto, (max-width: 1024px) 100vw, 1024px\" \/><figcaption>Eindruck vom Marktplatz  <\/figcaption><\/figure>\n","protected":false},"excerpt":{"rendered":"<p>(Magdeburg, 19. 10. 2021) Am 13. Oktober fand zum f\u00fcnften Mal die wahrscheinlich gr\u00f6\u00dfte IT-Messe in Sachsen-Anhalt in der Mittellandhalle Barleben mit knapp 400 Teilnehmern unter 2G-Bedingungen statt. Zur Er\u00f6ffnung sprachen Dr. Michael Wandersleb, Vorstandsvorsitzender der Kommunalen IT-UNION eG (KITU) <a class=\"more-link\" href=\"https:\/\/wirtschaftspost-online.de\/?p=2744\">[ . . . ]<\/a><\/p>\n","protected":false},"author":4,"featured_media":0,"comment_status":"closed","ping_status":"closed","sticky":false,"template":"","format":"standard","meta":{"footnotes":""},"categories":[1],"tags":[],"class_list":["post-2744","post","type-post","status-publish","format-standard","hentry","category-allgemein"],"aioseo_notices":[],"aioseo_head":"\n\t\t<!-- All in One SEO 4.9.10 - aioseo.com -->\n\t<meta name=\"description\" content=\"(Magdeburg, 19. 10. 2021) Am 13. Oktober fand zum f\u00fcnften Mal die wahrscheinlich gr\u00f6\u00dfte IT-Messe in Sachsen-Anhalt in der Mittellandhalle Barleben mit knapp 400 Teilnehmern unter 2G-Bedingungen statt. Zur Er\u00f6ffnung sprachen Dr. Michael Wandersleb, Vorstandsvorsitzender der Kommunalen IT-UNION eG (KITU) und Gesch\u00e4ftsf\u00fchrer der KID Magdeburg sowie Bernd Schl\u00f6mer, Staatssekret\u00e4r und CIO des Ministeriums f\u00fcr Infrastruktur\" \/>\n\t<meta name=\"robots\" content=\"max-image-preview:large\" \/>\n\t<meta name=\"author\" content=\"Freimut Hengst\"\/>\n\t<link rel=\"canonical\" href=\"https:\/\/wirtschaftspost-online.de\/?p=2744\" \/>\n\t<meta name=\"generator\" content=\"All in One SEO (AIOSEO) 4.9.10\" \/>\n\t\t<meta property=\"og:locale\" content=\"de_DE\" \/>\n\t\t<meta property=\"og:site_name\" content=\"Wirtschaftspost-Online - Das B2B-Online-Magazin in Sachsen, Sachsen-Anhalt und Th\u00fcringen\" \/>\n\t\t<meta property=\"og:type\" content=\"article\" \/>\n\t\t<meta property=\"og:title\" content=\"KITU-TAG 2021: Zusammen in die Digitale Zukunft - Wirtschaftspost-Online\" \/>\n\t\t<meta property=\"og:description\" content=\"(Magdeburg, 19. 10. 2021) Am 13. Oktober fand zum f\u00fcnften Mal die wahrscheinlich gr\u00f6\u00dfte IT-Messe in Sachsen-Anhalt in der Mittellandhalle Barleben mit knapp 400 Teilnehmern unter 2G-Bedingungen statt. Zur Er\u00f6ffnung sprachen Dr. Michael Wandersleb, Vorstandsvorsitzender der Kommunalen IT-UNION eG (KITU) und Gesch\u00e4ftsf\u00fchrer der KID Magdeburg sowie Bernd Schl\u00f6mer, Staatssekret\u00e4r und CIO des Ministeriums f\u00fcr Infrastruktur\" \/>\n\t\t<meta property=\"og:url\" content=\"https:\/\/wirtschaftspost-online.de\/?p=2744\" \/>\n\t\t<meta property=\"og:image\" content=\"https:\/\/wirtschaftspost-online.de\/wp-content\/uploads\/2022\/01\/Header_SZ_3.png\" \/>\n\t\t<meta property=\"og:image:secure_url\" content=\"https:\/\/wirtschaftspost-online.de\/wp-content\/uploads\/2022\/01\/Header_SZ_3.png\" \/>\n\t\t<meta property=\"article:published_time\" content=\"2021-10-19T20:43:25+00:00\" \/>\n\t\t<meta property=\"article:modified_time\" content=\"2021-10-29T12:18:23+00:00\" \/>\n\t\t<meta name=\"twitter:card\" content=\"summary\" \/>\n\t\t<meta name=\"twitter:title\" content=\"KITU-TAG 2021: Zusammen in die Digitale Zukunft - Wirtschaftspost-Online\" \/>\n\t\t<meta name=\"twitter:description\" content=\"(Magdeburg, 19. 10. 2021) Am 13. Oktober fand zum f\u00fcnften Mal die wahrscheinlich gr\u00f6\u00dfte IT-Messe in Sachsen-Anhalt in der Mittellandhalle Barleben mit knapp 400 Teilnehmern unter 2G-Bedingungen statt. Zur Er\u00f6ffnung sprachen Dr. Michael Wandersleb, Vorstandsvorsitzender der Kommunalen IT-UNION eG (KITU) und Gesch\u00e4ftsf\u00fchrer der KID Magdeburg sowie Bernd Schl\u00f6mer, Staatssekret\u00e4r und CIO des Ministeriums f\u00fcr Infrastruktur\" \/>\n\t\t<meta name=\"twitter:image\" content=\"https:\/\/wirtschaftspost-online.de\/wp-content\/uploads\/2022\/01\/Header_SZ_3.png\" \/>\n\t\t<script type=\"application\/ld+json\" class=\"aioseo-schema\">\n\t\t\t{\"@context\":\"https:\\\/\\\/schema.org\",\"@graph\":[{\"@type\":\"BlogPosting\",\"@id\":\"https:\\\/\\\/wirtschaftspost-online.de\\\/?p=2744#blogposting\",\"name\":\"KITU-TAG 2021: Zusammen in die Digitale Zukunft - Wirtschaftspost-Online\",\"headline\":\"KITU-TAG 2021: Zusammen in die Digitale Zukunft\",\"author\":{\"@id\":\"https:\\\/\\\/wirtschaftspost-online.de\\\/?author=4#author\"},\"publisher\":{\"@id\":\"https:\\\/\\\/wirtschaftspost-online.de\\\/#organization\"},\"image\":{\"@type\":\"ImageObject\",\"url\":\"https:\\\/\\\/wirtschaftspost-online.de\\\/wp-content\\\/uploads\\\/2021\\\/10\\\/kitu-logo.png\",\"@id\":\"https:\\\/\\\/wirtschaftspost-online.de\\\/?p=2744\\\/#articleImage\",\"width\":236,\"height\":105},\"datePublished\":\"2021-10-19T22:43:25+02:00\",\"dateModified\":\"2021-10-29T14:18:23+02:00\",\"inLanguage\":\"de-DE\",\"mainEntityOfPage\":{\"@id\":\"https:\\\/\\\/wirtschaftspost-online.de\\\/?p=2744#webpage\"},\"isPartOf\":{\"@id\":\"https:\\\/\\\/wirtschaftspost-online.de\\\/?p=2744#webpage\"},\"articleSection\":\"Allgemein\"},{\"@type\":\"BreadcrumbList\",\"@id\":\"https:\\\/\\\/wirtschaftspost-online.de\\\/?p=2744#breadcrumblist\",\"itemListElement\":[{\"@type\":\"ListItem\",\"@id\":\"https:\\\/\\\/wirtschaftspost-online.de#listItem\",\"position\":1,\"name\":\"Home\",\"item\":\"https:\\\/\\\/wirtschaftspost-online.de\",\"nextItem\":{\"@type\":\"ListItem\",\"@id\":\"https:\\\/\\\/wirtschaftspost-online.de\\\/?cat=1#listItem\",\"name\":\"Allgemein\"}},{\"@type\":\"ListItem\",\"@id\":\"https:\\\/\\\/wirtschaftspost-online.de\\\/?cat=1#listItem\",\"position\":2,\"name\":\"Allgemein\",\"item\":\"https:\\\/\\\/wirtschaftspost-online.de\\\/?cat=1\",\"nextItem\":{\"@type\":\"ListItem\",\"@id\":\"https:\\\/\\\/wirtschaftspost-online.de\\\/?p=2744#listItem\",\"name\":\"KITU-TAG 2021: Zusammen in die Digitale Zukunft\"},\"previousItem\":{\"@type\":\"ListItem\",\"@id\":\"https:\\\/\\\/wirtschaftspost-online.de#listItem\",\"name\":\"Home\"}},{\"@type\":\"ListItem\",\"@id\":\"https:\\\/\\\/wirtschaftspost-online.de\\\/?p=2744#listItem\",\"position\":3,\"name\":\"KITU-TAG 2021: Zusammen in die Digitale Zukunft\",\"previousItem\":{\"@type\":\"ListItem\",\"@id\":\"https:\\\/\\\/wirtschaftspost-online.de\\\/?cat=1#listItem\",\"name\":\"Allgemein\"}}]},{\"@type\":\"Organization\",\"@id\":\"https:\\\/\\\/wirtschaftspost-online.de\\\/#organization\",\"name\":\"Wirtschaftspost-Online\",\"description\":\"Das B2B-Online-Magazin in Sachsen, Sachsen-Anhalt und Th\\u00fcringen\",\"url\":\"https:\\\/\\\/wirtschaftspost-online.de\\\/\",\"logo\":{\"@type\":\"ImageObject\",\"url\":\"https:\\\/\\\/wirtschaftspost-online.de\\\/wp-content\\\/uploads\\\/2020\\\/04\\\/WIPO-Schriftzug-jpg-transparent-1-scaled.jpg\",\"@id\":\"https:\\\/\\\/wirtschaftspost-online.de\\\/?p=2744\\\/#organizationLogo\",\"width\":2560,\"height\":431},\"image\":{\"@id\":\"https:\\\/\\\/wirtschaftspost-online.de\\\/?p=2744\\\/#organizationLogo\"}},{\"@type\":\"Person\",\"@id\":\"https:\\\/\\\/wirtschaftspost-online.de\\\/?author=4#author\",\"url\":\"https:\\\/\\\/wirtschaftspost-online.de\\\/?author=4\",\"name\":\"Freimut Hengst\",\"image\":{\"@type\":\"ImageObject\",\"@id\":\"https:\\\/\\\/wirtschaftspost-online.de\\\/?p=2744#authorImage\",\"url\":\"https:\\\/\\\/secure.gravatar.com\\\/avatar\\\/0f2ae93d1e9fa2ebba95ab2cdfc9872bf20e1bd2a68c9a89aae61ac121856e5f?s=96&d=mm&r=g\",\"width\":96,\"height\":96,\"caption\":\"Freimut Hengst\"}},{\"@type\":\"WebPage\",\"@id\":\"https:\\\/\\\/wirtschaftspost-online.de\\\/?p=2744#webpage\",\"url\":\"https:\\\/\\\/wirtschaftspost-online.de\\\/?p=2744\",\"name\":\"KITU-TAG 2021: Zusammen in die Digitale Zukunft - Wirtschaftspost-Online\",\"description\":\"(Magdeburg, 19. 10. 2021) Am 13. Oktober fand zum f\\u00fcnften Mal die wahrscheinlich gr\\u00f6\\u00dfte IT-Messe in Sachsen-Anhalt in der Mittellandhalle Barleben mit knapp 400 Teilnehmern unter 2G-Bedingungen statt. Zur Er\\u00f6ffnung sprachen Dr. Michael Wandersleb, Vorstandsvorsitzender der Kommunalen IT-UNION eG (KITU) und Gesch\\u00e4ftsf\\u00fchrer der KID Magdeburg sowie Bernd Schl\\u00f6mer, Staatssekret\\u00e4r und CIO des Ministeriums f\\u00fcr Infrastruktur\",\"inLanguage\":\"de-DE\",\"isPartOf\":{\"@id\":\"https:\\\/\\\/wirtschaftspost-online.de\\\/#website\"},\"breadcrumb\":{\"@id\":\"https:\\\/\\\/wirtschaftspost-online.de\\\/?p=2744#breadcrumblist\"},\"author\":{\"@id\":\"https:\\\/\\\/wirtschaftspost-online.de\\\/?author=4#author\"},\"creator\":{\"@id\":\"https:\\\/\\\/wirtschaftspost-online.de\\\/?author=4#author\"},\"datePublished\":\"2021-10-19T22:43:25+02:00\",\"dateModified\":\"2021-10-29T14:18:23+02:00\"},{\"@type\":\"WebSite\",\"@id\":\"https:\\\/\\\/wirtschaftspost-online.de\\\/#website\",\"url\":\"https:\\\/\\\/wirtschaftspost-online.de\\\/\",\"name\":\"Wirtschaftspost-Online\",\"description\":\"Das B2B-Online-Magazin in Sachsen, Sachsen-Anhalt und Th\\u00fcringen\",\"inLanguage\":\"de-DE\",\"publisher\":{\"@id\":\"https:\\\/\\\/wirtschaftspost-online.de\\\/#organization\"}}]}\n\t\t<\/script>\n\t\t<!-- All in One SEO -->\n\n","aioseo_head_json":{"title":"KITU-TAG 2021: Zusammen in die Digitale Zukunft - Wirtschaftspost-Online","description":"(Magdeburg, 19. 10. 2021) Am 13. Oktober fand zum f\u00fcnften Mal die wahrscheinlich gr\u00f6\u00dfte IT-Messe in Sachsen-Anhalt in der Mittellandhalle Barleben mit knapp 400 Teilnehmern unter 2G-Bedingungen statt. Zur Er\u00f6ffnung sprachen Dr. Michael Wandersleb, Vorstandsvorsitzender der Kommunalen IT-UNION eG (KITU) und Gesch\u00e4ftsf\u00fchrer der KID Magdeburg sowie Bernd Schl\u00f6mer, Staatssekret\u00e4r und CIO des Ministeriums f\u00fcr Infrastruktur","canonical_url":"https:\/\/wirtschaftspost-online.de\/?p=2744","robots":"max-image-preview:large","keywords":"","webmasterTools":{"miscellaneous":""},"schema":{"@context":"https:\/\/schema.org","@graph":[{"@type":"BlogPosting","@id":"https:\/\/wirtschaftspost-online.de\/?p=2744#blogposting","name":"KITU-TAG 2021: Zusammen in die Digitale Zukunft - Wirtschaftspost-Online","headline":"KITU-TAG 2021: Zusammen in die Digitale Zukunft","author":{"@id":"https:\/\/wirtschaftspost-online.de\/?author=4#author"},"publisher":{"@id":"https:\/\/wirtschaftspost-online.de\/#organization"},"image":{"@type":"ImageObject","url":"https:\/\/wirtschaftspost-online.de\/wp-content\/uploads\/2021\/10\/kitu-logo.png","@id":"https:\/\/wirtschaftspost-online.de\/?p=2744\/#articleImage","width":236,"height":105},"datePublished":"2021-10-19T22:43:25+02:00","dateModified":"2021-10-29T14:18:23+02:00","inLanguage":"de-DE","mainEntityOfPage":{"@id":"https:\/\/wirtschaftspost-online.de\/?p=2744#webpage"},"isPartOf":{"@id":"https:\/\/wirtschaftspost-online.de\/?p=2744#webpage"},"articleSection":"Allgemein"},{"@type":"BreadcrumbList","@id":"https:\/\/wirtschaftspost-online.de\/?p=2744#breadcrumblist","itemListElement":[{"@type":"ListItem","@id":"https:\/\/wirtschaftspost-online.de#listItem","position":1,"name":"Home","item":"https:\/\/wirtschaftspost-online.de","nextItem":{"@type":"ListItem","@id":"https:\/\/wirtschaftspost-online.de\/?cat=1#listItem","name":"Allgemein"}},{"@type":"ListItem","@id":"https:\/\/wirtschaftspost-online.de\/?cat=1#listItem","position":2,"name":"Allgemein","item":"https:\/\/wirtschaftspost-online.de\/?cat=1","nextItem":{"@type":"ListItem","@id":"https:\/\/wirtschaftspost-online.de\/?p=2744#listItem","name":"KITU-TAG 2021: Zusammen in die Digitale Zukunft"},"previousItem":{"@type":"ListItem","@id":"https:\/\/wirtschaftspost-online.de#listItem","name":"Home"}},{"@type":"ListItem","@id":"https:\/\/wirtschaftspost-online.de\/?p=2744#listItem","position":3,"name":"KITU-TAG 2021: Zusammen in die Digitale Zukunft","previousItem":{"@type":"ListItem","@id":"https:\/\/wirtschaftspost-online.de\/?cat=1#listItem","name":"Allgemein"}}]},{"@type":"Organization","@id":"https:\/\/wirtschaftspost-online.de\/#organization","name":"Wirtschaftspost-Online","description":"Das B2B-Online-Magazin in Sachsen, Sachsen-Anhalt und Th\u00fcringen","url":"https:\/\/wirtschaftspost-online.de\/","logo":{"@type":"ImageObject","url":"https:\/\/wirtschaftspost-online.de\/wp-content\/uploads\/2020\/04\/WIPO-Schriftzug-jpg-transparent-1-scaled.jpg","@id":"https:\/\/wirtschaftspost-online.de\/?p=2744\/#organizationLogo","width":2560,"height":431},"image":{"@id":"https:\/\/wirtschaftspost-online.de\/?p=2744\/#organizationLogo"}},{"@type":"Person","@id":"https:\/\/wirtschaftspost-online.de\/?author=4#author","url":"https:\/\/wirtschaftspost-online.de\/?author=4","name":"Freimut Hengst","image":{"@type":"ImageObject","@id":"https:\/\/wirtschaftspost-online.de\/?p=2744#authorImage","url":"https:\/\/secure.gravatar.com\/avatar\/0f2ae93d1e9fa2ebba95ab2cdfc9872bf20e1bd2a68c9a89aae61ac121856e5f?s=96&d=mm&r=g","width":96,"height":96,"caption":"Freimut Hengst"}},{"@type":"WebPage","@id":"https:\/\/wirtschaftspost-online.de\/?p=2744#webpage","url":"https:\/\/wirtschaftspost-online.de\/?p=2744","name":"KITU-TAG 2021: Zusammen in die Digitale Zukunft - Wirtschaftspost-Online","description":"(Magdeburg, 19. 10. 2021) Am 13. Oktober fand zum f\u00fcnften Mal die wahrscheinlich gr\u00f6\u00dfte IT-Messe in Sachsen-Anhalt in der Mittellandhalle Barleben mit knapp 400 Teilnehmern unter 2G-Bedingungen statt. Zur Er\u00f6ffnung sprachen Dr. Michael Wandersleb, Vorstandsvorsitzender der Kommunalen IT-UNION eG (KITU) und Gesch\u00e4ftsf\u00fchrer der KID Magdeburg sowie Bernd Schl\u00f6mer, Staatssekret\u00e4r und CIO des Ministeriums f\u00fcr Infrastruktur","inLanguage":"de-DE","isPartOf":{"@id":"https:\/\/wirtschaftspost-online.de\/#website"},"breadcrumb":{"@id":"https:\/\/wirtschaftspost-online.de\/?p=2744#breadcrumblist"},"author":{"@id":"https:\/\/wirtschaftspost-online.de\/?author=4#author"},"creator":{"@id":"https:\/\/wirtschaftspost-online.de\/?author=4#author"},"datePublished":"2021-10-19T22:43:25+02:00","dateModified":"2021-10-29T14:18:23+02:00"},{"@type":"WebSite","@id":"https:\/\/wirtschaftspost-online.de\/#website","url":"https:\/\/wirtschaftspost-online.de\/","name":"Wirtschaftspost-Online","description":"Das B2B-Online-Magazin in Sachsen, Sachsen-Anhalt und Th\u00fcringen","inLanguage":"de-DE","publisher":{"@id":"https:\/\/wirtschaftspost-online.de\/#organization"}}]},"og:locale":"de_DE","og:site_name":"Wirtschaftspost-Online - Das B2B-Online-Magazin in Sachsen, Sachsen-Anhalt und Th\u00fcringen","og:type":"article","og:title":"KITU-TAG 2021: Zusammen in die Digitale Zukunft - Wirtschaftspost-Online","og:description":"(Magdeburg, 19. 10. 2021) Am 13. Oktober fand zum f\u00fcnften Mal die wahrscheinlich gr\u00f6\u00dfte IT-Messe in Sachsen-Anhalt in der Mittellandhalle Barleben mit knapp 400 Teilnehmern unter 2G-Bedingungen statt. Zur Er\u00f6ffnung sprachen Dr. Michael Wandersleb, Vorstandsvorsitzender der Kommunalen IT-UNION eG (KITU) und Gesch\u00e4ftsf\u00fchrer der KID Magdeburg sowie Bernd Schl\u00f6mer, Staatssekret\u00e4r und CIO des Ministeriums f\u00fcr Infrastruktur","og:url":"https:\/\/wirtschaftspost-online.de\/?p=2744","og:image":"https:\/\/wirtschaftspost-online.de\/wp-content\/uploads\/2022\/01\/Header_SZ_3.png","og:image:secure_url":"https:\/\/wirtschaftspost-online.de\/wp-content\/uploads\/2022\/01\/Header_SZ_3.png","article:published_time":"2021-10-19T20:43:25+00:00","article:modified_time":"2021-10-29T12:18:23+00:00","twitter:card":"summary","twitter:title":"KITU-TAG 2021: Zusammen in die Digitale Zukunft - Wirtschaftspost-Online","twitter:description":"(Magdeburg, 19. 10. 2021) Am 13. Oktober fand zum f\u00fcnften Mal die wahrscheinlich gr\u00f6\u00dfte IT-Messe in Sachsen-Anhalt in der Mittellandhalle Barleben mit knapp 400 Teilnehmern unter 2G-Bedingungen statt. Zur Er\u00f6ffnung sprachen Dr. Michael Wandersleb, Vorstandsvorsitzender der Kommunalen IT-UNION eG (KITU) und Gesch\u00e4ftsf\u00fchrer der KID Magdeburg sowie Bernd Schl\u00f6mer, Staatssekret\u00e4r und CIO des Ministeriums f\u00fcr Infrastruktur","twitter:image":"https:\/\/wirtschaftspost-online.de\/wp-content\/uploads\/2022\/01\/Header_SZ_3.png"},"aioseo_meta_data":{"post_id":"2744","title":null,"description":null,"keywords":null,"keyphrases":null,"primary_term":null,"canonical_url":null,"og_title":null,"og_description":null,"og_object_type":"default","og_image_type":"default","og_image_url":null,"og_image_width":null,"og_image_height":null,"og_image_custom_url":null,"og_image_custom_fields":null,"og_video":null,"og_custom_url":null,"og_article_section":null,"og_article_tags":null,"twitter_use_og":false,"twitter_card":"default","twitter_image_type":"default","twitter_image_url":null,"twitter_image_custom_url":null,"twitter_image_custom_fields":null,"twitter_title":null,"twitter_description":null,"schema":{"blockGraphs":[],"customGraphs":[],"default":{"data":{"Article":[],"Course":[],"Dataset":[],"FAQPage":[],"Movie":[],"Person":[],"Product":[],"ProductReview":[],"Car":[],"Recipe":[],"Service":[],"SoftwareApplication":[],"WebPage":[]},"graphName":"","isEnabled":true},"graphs":[]},"schema_type":"default","schema_type_options":null,"pillar_content":false,"robots_default":true,"robots_noindex":false,"robots_noarchive":false,"robots_nosnippet":false,"robots_nofollow":false,"robots_noimageindex":false,"robots_noodp":false,"robots_notranslate":false,"robots_max_snippet":null,"robots_max_videopreview":null,"robots_max_imagepreview":"large","priority":null,"frequency":null,"local_seo":null,"breadcrumb_settings":null,"limit_modified_date":false,"ai":null,"created":"2022-04-02 11:48:53","updated":"2025-07-16 13:07:53","seo_analyzer_scan_date":null},"aioseo_breadcrumb":"<div class=\"aioseo-breadcrumbs\"><span class=\"aioseo-breadcrumb\">\n\t\t\t<a href=\"https:\/\/wirtschaftspost-online.de\" title=\"Home\">Home<\/a>\n\t\t<\/span><span class=\"aioseo-breadcrumb-separator\">&raquo;<\/span><span class=\"aioseo-breadcrumb\">\n\t\t\t<a href=\"https:\/\/wirtschaftspost-online.de\/?cat=1\" title=\"Allgemein\">Allgemein<\/a>\n\t\t<\/span><span class=\"aioseo-breadcrumb-separator\">&raquo;<\/span><span class=\"aioseo-breadcrumb\">\n\t\t\tKITU-TAG 2021: Zusammen in die Digitale Zukunft\n\t\t<\/span><\/div>","aioseo_breadcrumb_json":[{"label":"Home","link":"https:\/\/wirtschaftspost-online.de"},{"label":"Allgemein","link":"https:\/\/wirtschaftspost-online.de\/?cat=1"},{"label":"KITU-TAG 2021: Zusammen in die Digitale Zukunft","link":"https:\/\/wirtschaftspost-online.de\/?p=2744"}],"_links":{"self":[{"href":"https:\/\/wirtschaftspost-online.de\/index.php?rest_route=\/wp\/v2\/posts\/2744","targetHints":{"allow":["GET"]}}],"collection":[{"href":"https:\/\/wirtschaftspost-online.de\/index.php?rest_route=\/wp\/v2\/posts"}],"about":[{"href":"https:\/\/wirtschaftspost-online.de\/index.php?rest_route=\/wp\/v2\/types\/post"}],"author":[{"embeddable":true,"href":"https:\/\/wirtschaftspost-online.de\/index.php?rest_route=\/wp\/v2\/users\/4"}],"replies":[{"embeddable":true,"href":"https:\/\/wirtschaftspost-online.de\/index.php?rest_route=%2Fwp%2Fv2%2Fcomments&post=2744"}],"version-history":[{"count":4,"href":"https:\/\/wirtschaftspost-online.de\/index.php?rest_route=\/wp\/v2\/posts\/2744\/revisions"}],"predecessor-version":[{"id":2786,"href":"https:\/\/wirtschaftspost-online.de\/index.php?rest_route=\/wp\/v2\/posts\/2744\/revisions\/2786"}],"wp:attachment":[{"href":"https:\/\/wirtschaftspost-online.de\/index.php?rest_route=%2Fwp%2Fv2%2Fmedia&parent=2744"}],"wp:term":[{"taxonomy":"category","embeddable":true,"href":"https:\/\/wirtschaftspost-online.de\/index.php?rest_route=%2Fwp%2Fv2%2Fcategories&post=2744"},{"taxonomy":"post_tag","embeddable":true,"href":"https:\/\/wirtschaftspost-online.de\/index.php?rest_route=%2Fwp%2Fv2%2Ftags&post=2744"}],"curies":[{"name":"wp","href":"https:\/\/api.w.org\/{rel}","templated":true}]}}