{"id":3575,"date":"2022-08-05T15:08:21","date_gmt":"2022-08-05T13:08:21","guid":{"rendered":"https:\/\/wirtschaftspost-online.de\/?p=3575"},"modified":"2022-08-06T09:45:13","modified_gmt":"2022-08-06T07:45:13","slug":"3575","status":"publish","type":"post","link":"https:\/\/wirtschaftspost-online.de\/?p=3575","title":{"rendered":"Jena: \u201eZukunftsf\u00e4hige Innenst\u00e4dte und Zentren\u201c"},"content":{"rendered":"\n<p><strong>Wirtschaftsf\u00f6rderung Jena auf der Suche nach neuen Kolleg:innen und einer \u201eStadtlabor\u201c-Fl\u00e4che<\/strong><\/p>\n\n\n<div class=\"wp-block-image\">\n<figure class=\"alignright size-full is-resized\"><img loading=\"lazy\" decoding=\"async\" src=\"https:\/\/wirtschaftspost-online.de\/wp-content\/uploads\/2022\/08\/logo-jenaer-wirtschaft.png\" alt=\"\" class=\"wp-image-3593\" width=\"262\" height=\"56\" srcset=\"https:\/\/wirtschaftspost-online.de\/wp-content\/uploads\/2022\/08\/logo-jenaer-wirtschaft.png 892w, https:\/\/wirtschaftspost-online.de\/wp-content\/uploads\/2022\/08\/logo-jenaer-wirtschaft-300x65.png 300w, https:\/\/wirtschaftspost-online.de\/wp-content\/uploads\/2022\/08\/logo-jenaer-wirtschaft-768x165.png 768w, https:\/\/wirtschaftspost-online.de\/wp-content\/uploads\/2022\/08\/logo-jenaer-wirtschaft-650x140.png 650w\" sizes=\"auto, (max-width: 262px) 100vw, 262px\" \/><\/figure><\/div>\n\n\n<p>(05. 08. 2022) Mit ihrem Projektantrag \u201eStadt-Up Jena\u201c wurde die Stadt Jena im Rahmen des Bundesprogrammes \u201eZukunftsf\u00e4hige Innenst\u00e4dte und Zentren\u201c (ZIZ) bereits im Februar zur F\u00f6rderung vorgeschlagen. Ziel des Projektes ist es, die aktuellen Herausforderungen der Innenstadt aufzugreifen und in einem Pilotversuch Experimentier- und Erlebnisfl\u00e4chen in der Jenaer Innenstadt zu schaffen, um neue Konzepte zu entwickeln und damit dem bestehenden innenst\u00e4dtischen Strukturwandel zu begegnen. Die Jenaer Wirtschaftsf\u00f6rderung, die von der Stadt Jena mit der Durchf\u00fchrung des Projekts betraut ist, geht bereits in die Vorbereitungen, um mit Eintreffen einer F\u00f6rderzusage direkt starten zu k\u00f6nnen. K\u00fcrzlich wurden zwei Personalstellen sowie ein Fl\u00e4chengesuch unter Vorbehalt ausgeschrieben. Bei Projektzusage durch das Bundesministerium f\u00fcr Wohnen, Stadtentwicklung und Bauwesen (BMWSB) k\u00f6nnte Jenas Innenstadt eine F\u00f6rdersumme von ca. 1 Millionen Euro zugeschrieben werden, der durch einen rund 350.000 Euro starken Eigenanteil der Stadt erg\u00e4nzt wird.<\/p>\n\n\n\n<figure class=\"wp-block-image size-large\"><img loading=\"lazy\" decoding=\"async\" width=\"1024\" height=\"683\" src=\"https:\/\/wirtschaftspost-online.de\/wp-content\/uploads\/2022\/08\/JenaWirtschaft_Stadt-Up-Jena_Symbolbild-Innenstadt_Stadt-Jena-Jens-Hauspurg-1024x683.jpg\" alt=\"\" class=\"wp-image-3577\" srcset=\"https:\/\/wirtschaftspost-online.de\/wp-content\/uploads\/2022\/08\/JenaWirtschaft_Stadt-Up-Jena_Symbolbild-Innenstadt_Stadt-Jena-Jens-Hauspurg-1024x683.jpg 1024w, https:\/\/wirtschaftspost-online.de\/wp-content\/uploads\/2022\/08\/JenaWirtschaft_Stadt-Up-Jena_Symbolbild-Innenstadt_Stadt-Jena-Jens-Hauspurg-300x200.jpg 300w, https:\/\/wirtschaftspost-online.de\/wp-content\/uploads\/2022\/08\/JenaWirtschaft_Stadt-Up-Jena_Symbolbild-Innenstadt_Stadt-Jena-Jens-Hauspurg-768x512.jpg 768w, https:\/\/wirtschaftspost-online.de\/wp-content\/uploads\/2022\/08\/JenaWirtschaft_Stadt-Up-Jena_Symbolbild-Innenstadt_Stadt-Jena-Jens-Hauspurg-650x433.jpg 650w, https:\/\/wirtschaftspost-online.de\/wp-content\/uploads\/2022\/08\/JenaWirtschaft_Stadt-Up-Jena_Symbolbild-Innenstadt_Stadt-Jena-Jens-Hauspurg-1320x880.jpg 1320w, https:\/\/wirtschaftspost-online.de\/wp-content\/uploads\/2022\/08\/JenaWirtschaft_Stadt-Up-Jena_Symbolbild-Innenstadt_Stadt-Jena-Jens-Hauspurg.jpg 1536w\" sizes=\"auto, (max-width: 1024px) 100vw, 1024px\" \/><figcaption>Wie sieht die Innenstadt von morgen aus? JenaWirtschaft startet Vorbereitungen f\u00fcr m\u00f6gliches F\u00f6rderprojekt \u201eStadt-Up Jena\u201c (Symbolbild: Stadt Jena | Jens Hauspurg)<\/figcaption><\/figure>\n\n\n\n<p>St\u00e4dte und ihre Zentren ver\u00e4ndern sich fortlaufend, erl\u00e4utert Christian Gerlitz, B\u00fcrgermeister und Dezernent f\u00fcr Stadtentwicklung und Umwelt: \u201eDigitale Vertriebswege, ein ver\u00e4ndertes Kundenverhalten und neue Gesch\u00e4ftsmodelle sind nur einige der Ver\u00e4nderungen, denen sich Innenstadtakteure in den letzten Jahren stellen mussten.\u201c Die Coronapandemie habe diesen Wandel noch beschleunigt, so Gerlitz. \u201eInnenst\u00e4dte m\u00fcssen diesen Ver\u00e4nderungen Rechnung tragen, um als Anziehungspunkt f\u00fcr Einwohnende und G\u00e4ste der Region weiter attraktiv zu bleiben.\u201c Das Projekt \u201eStadt-Up Jena\u201c bietet die M\u00f6glichkeit den Strukturwandel proaktiv zu begleiten und stellt sich der Frage: \u201eWie sieht die Nutzungsmischung der Innenstadt von morgen aus?\u201c<\/p>\n\n\n\n<p>Zwei Teilprojekte sollen f\u00fcr eine Erh\u00f6hung der Angebotsvielfalt und Erlebnisqualit\u00e4t in Jenas Innenstadt sorgen. \u201eZum einen wollen wir mit einem Gr\u00fcndungswettbewerb interessierte Start-ups aus den Bereichen Einzelhandel, Gastronomie, Dienstleistungen und Handwerk ansprechen \u201c, erl\u00e4utert der Projektleiter Markus Henkenmeier, Prokurist der Jenaer Wirtschaftsf\u00f6rderung. Zum anderen soll in einer Innenstadtlage ein sogenanntes Stadtlabor in Form eines Pop-up-Stores entstehen. Dieser soll Gr\u00fcndungswilligen und Kreativen aus der Lichtstadt einen gesch\u00fctzten Raum bieten, in dem sie neue Gesch\u00e4ftsideen und Nutzungskonzepte austesten k\u00f6nnen.<\/p>\n\n\n\n<p>Zwar steht eine Zusage zur F\u00f6rderung noch aus, dennoch sei es laut den Projektbeteiligten wichtig, bereits jetzt in die Vorbereitung zu gehen. \u201eSobald der Zuwendungsbescheid kommt, wollen wir loslegen\u201c, zeigt sich Henkenmeier optimistisch. Aktuell hat die Wirtschaftsf\u00f6rderung Jena bereits zwei Stellen f\u00fcr die Teilprojektleitungen ausgeschrieben. \u201eWir suchen engagierte Kollegen und Kolleginnen, die Lust auf abwechslungsreiche Aufgaben in einem spannenden beruflichen T\u00e4tigkeitsfeld haben und sich f\u00fcr eine attraktive Innenstadt Jena einsetzen m\u00f6chten.\u201c Dar\u00fcber hinaus ist man bereits auf der Suche nach einer geeigneten Fl\u00e4che f\u00fcr das Stadtlabor. Gesucht wird ein Objekt in Erdgeschosslage, mit rund 200 bis 250 Quadratmetern Ladenfl\u00e4che. \u201eWir w\u00fcrden uns sehr \u00fcber die Kontaktaufnahme von Immobilienmarktakteuren freuen\u201c, richtet sich Henkenmeier direkt an Vermietende in Jena.<\/p>\n\n\n\n<p>Weitere Informationen zum Projekt, sowie Kontaktdetails finden interessierte Bewerber:innen und Immobilienmarktakteure auf der Projektwebseite <strong><em><a href=\"https:\/\/www.jenawirtschaft.de\/investieren-wachsen\/stadt-up-jena\/\" target=\"_blank\" rel=\"noopener\" title=\"jenawirtschaft.de\/stadtup\">jenawirtschaft.de\/stadtup<\/a><\/em><\/strong>.<\/p>\n","protected":false},"excerpt":{"rendered":"<p>Wirtschaftsf\u00f6rderung Jena auf der Suche nach neuen Kolleg:innen und einer \u201eStadtlabor\u201c-Fl\u00e4che (05. 08. 2022) Mit ihrem Projektantrag \u201eStadt-Up Jena\u201c wurde die Stadt Jena im Rahmen des Bundesprogrammes \u201eZukunftsf\u00e4hige Innenst\u00e4dte und Zentren\u201c (ZIZ) bereits im Februar zur F\u00f6rderung vorgeschlagen. Ziel des <a class=\"more-link\" href=\"https:\/\/wirtschaftspost-online.de\/?p=3575\">[ . . . ]<\/a><\/p>\n","protected":false},"author":4,"featured_media":0,"comment_status":"closed","ping_status":"closed","sticky":false,"template":"","format":"standard","meta":{"footnotes":""},"categories":[1],"tags":[],"class_list":["post-3575","post","type-post","status-publish","format-standard","hentry","category-allgemein"],"aioseo_notices":[],"_links":{"self":[{"href":"https:\/\/wirtschaftspost-online.de\/index.php?rest_route=\/wp\/v2\/posts\/3575","targetHints":{"allow":["GET"]}}],"collection":[{"href":"https:\/\/wirtschaftspost-online.de\/index.php?rest_route=\/wp\/v2\/posts"}],"about":[{"href":"https:\/\/wirtschaftspost-online.de\/index.php?rest_route=\/wp\/v2\/types\/post"}],"author":[{"embeddable":true,"href":"https:\/\/wirtschaftspost-online.de\/index.php?rest_route=\/wp\/v2\/users\/4"}],"replies":[{"embeddable":true,"href":"https:\/\/wirtschaftspost-online.de\/index.php?rest_route=%2Fwp%2Fv2%2Fcomments&post=3575"}],"version-history":[{"count":3,"href":"https:\/\/wirtschaftspost-online.de\/index.php?rest_route=\/wp\/v2\/posts\/3575\/revisions"}],"predecessor-version":[{"id":3595,"href":"https:\/\/wirtschaftspost-online.de\/index.php?rest_route=\/wp\/v2\/posts\/3575\/revisions\/3595"}],"wp:attachment":[{"href":"https:\/\/wirtschaftspost-online.de\/index.php?rest_route=%2Fwp%2Fv2%2Fmedia&parent=3575"}],"wp:term":[{"taxonomy":"category","embeddable":true,"href":"https:\/\/wirtschaftspost-online.de\/index.php?rest_route=%2Fwp%2Fv2%2Fcategories&post=3575"},{"taxonomy":"post_tag","embeddable":true,"href":"https:\/\/wirtschaftspost-online.de\/index.php?rest_route=%2Fwp%2Fv2%2Ftags&post=3575"}],"curies":[{"name":"wp","href":"https:\/\/api.w.org\/{rel}","templated":true}]}}