{"id":4744,"date":"2023-06-26T11:15:33","date_gmt":"2023-06-26T09:15:33","guid":{"rendered":"https:\/\/wirtschaftspost-online.de\/?p=4744"},"modified":"2023-06-26T11:15:35","modified_gmt":"2023-06-26T09:15:35","slug":"32-mal-jena-auf-der-laser-world-of-photonics-in-muenchen-26-06-2023","status":"publish","type":"post","link":"https:\/\/wirtschaftspost-online.de\/?p=4744","title":{"rendered":"32 mal JENA auf der LASER World of Photonics in M\u00fcnchen (26.06.2023)"},"content":{"rendered":"\n<p>(Jena\/M\u00fcnchen, 26.06.2023) Geballte Optik-Kraft aus Jena ist ab morgen zu Gast auf der wichtigsten Laser- und Photonikmesse Europas, der LASER World of Photonics, in M\u00fcnchen. Vor Ort pr\u00e4sentieren sich 32 Unternehmen und Einrichtungen aus der Lichtstadt Jena. <\/p>\n\n\n\n<p>\u201eEs ist bemerkenswert, wie viel geb\u00fcndelte Kompetenz aus Jena in Sachen Optik und Photonik auf der Leitmesse in M\u00fcnchen dabei ist\u201c, sagt Wilfried R\u00f6pke, Gesch\u00e4ftsf\u00fchrer der Wirtschaftsf\u00f6rderung Jena. \u201eDie 32 Ausstellenden sind wichtige Botschafter:innen f\u00fcr den Technologiestandort Jena, sowohl national als auch international.\u201c Die lokale Optik- und Photonikindustrie bleibe einer der wichtigsten Wachstumsmotoren f\u00fcr den Standort Jena, so R\u00f6pke. Auf der Messe zeige sich au\u00dferdem, welche zentrale Rolle die Photonik beispielsweise f\u00fcr die Medizintechnik, Elektromobilit\u00e4t und der industriellen Fertigung spielt.<\/p>\n\n\n\n<figure class=\"wp-block-image size-large is-resized\"><img loading=\"lazy\" decoding=\"async\" src=\"https:\/\/wirtschaftspost-online.de\/wp-content\/uploads\/2023\/06\/LASER2022_MesseMuenchen_EingangOst_FAKT-Kommunikation-1024x768.jpg\" alt=\"\" class=\"wp-image-4745\" width=\"650\" height=\"487\" srcset=\"https:\/\/wirtschaftspost-online.de\/wp-content\/uploads\/2023\/06\/LASER2022_MesseMuenchen_EingangOst_FAKT-Kommunikation-1024x768.jpg 1024w, https:\/\/wirtschaftspost-online.de\/wp-content\/uploads\/2023\/06\/LASER2022_MesseMuenchen_EingangOst_FAKT-Kommunikation-300x225.jpg 300w, https:\/\/wirtschaftspost-online.de\/wp-content\/uploads\/2023\/06\/LASER2022_MesseMuenchen_EingangOst_FAKT-Kommunikation-768x576.jpg 768w, https:\/\/wirtschaftspost-online.de\/wp-content\/uploads\/2023\/06\/LASER2022_MesseMuenchen_EingangOst_FAKT-Kommunikation-1536x1152.jpg 1536w, https:\/\/wirtschaftspost-online.de\/wp-content\/uploads\/2023\/06\/LASER2022_MesseMuenchen_EingangOst_FAKT-Kommunikation-650x488.jpg 650w, https:\/\/wirtschaftspost-online.de\/wp-content\/uploads\/2023\/06\/LASER2022_MesseMuenchen_EingangOst_FAKT-Kommunikation-261x196.jpg 261w, https:\/\/wirtschaftspost-online.de\/wp-content\/uploads\/2023\/06\/LASER2022_MesseMuenchen_EingangOst_FAKT-Kommunikation-540x406.jpg 540w, https:\/\/wirtschaftspost-online.de\/wp-content\/uploads\/2023\/06\/LASER2022_MesseMuenchen_EingangOst_FAKT-Kommunikation-1320x990.jpg 1320w, https:\/\/wirtschaftspost-online.de\/wp-content\/uploads\/2023\/06\/LASER2022_MesseMuenchen_EingangOst_FAKT-Kommunikation.jpg 2048w\" sizes=\"auto, (max-width: 650px) 100vw, 650px\" \/><figcaption class=\"wp-element-caption\"><em>Die Messe M\u00fcnchen \u00f6ffnet ihre T\u00fcren zur LASER Messe 2023 mit \u00fcber 900 Ausstellenden \u2013 32 sind aus Jena dabei.<\/em><br><br><\/figcaption><\/figure>\n\n\n\n<p>Trotzdem sind die aktuellen Herausforderungen nicht zu untersch\u00e4tzen, wei\u00df Anke Siegmeier, Gesch\u00e4ftsf\u00fchrerin des Photoniknetzwerkes OptoNet e.V. Die Netzwerkmanagerin ist mit dem Cluster vor Ort und stimmt sich am heutigen Abend mit den Mitgliedsunternehmen beim \u201ePhotonics and Pretzels\u201c-Get-together auf eine erfolgreiche Messe ein.<\/p>\n\n\n\n<p>\u201eRund drei Viertel der Optik- und Photonikunternehmen bewerten ihre derzeitige Gesch\u00e4ftslage als gut oder sehr gut. Trotzdem braucht es Mut und Kreativit\u00e4t, mit Lieferengp\u00e4ssen, Rohstoffknappheit und Energiepreisen umzugehen.\u201c Die lokale und regionale Wirtschaft brauche dabei auch die Unterst\u00fctzung und das Vertrauen der Politik, so Siegmeier. \u201eDas gr\u00f6\u00dfte Problem ist allerdings das Thema Fachkr\u00e4fte, das zeigen unsere Befragungen f\u00fcr den diesj\u00e4hrigen Photonics Report. Wir brauchen mehr Engagement f\u00fcr eine gute MINT-Bildung an den Schulen und gemeinsame Anstrengungen, um internationale Fachkr\u00e4fte zu gewinnen.&#8220;<\/p>\n\n\n\n<p>In M\u00fcnchen stellen neben den gro\u00dfen Jenaer Firmen wie ZEISS und JENOPTIK vor allem zahlreiche kleine und mittelst\u00e4ndische Unternehmen aus. Dazu geh\u00f6ren beispielsweise HERACLE, OPTIKRON und GRINTECH. Auch innovative Start-Ups wie SPACEOPTIX, Quantum Optics Jena und Gitterwerk sind mit dabei; ebenso Wissenschaftseinrichtungen wie das Jenaer Fraunhofer Institut f\u00fcr Angewandte Optik und Feinmechanik (IOF) und die Lichtwerkstatt Open Photonics.<\/p>\n\n\n\n<p>Insgesamt stellen auf der LASER World of Photonics bis zum 30. Juni rund 900 Unternehmen aus mehr als 30 L\u00e4ndern ihre Produkte vor. Im letzten Jahr z\u00e4hlte sie \u00fcber 15.000 G\u00e4ste.<\/p>\n\n\n\n<p><\/p>\n\n\n\n<p><strong>Die 32 Jenaer Ausstellenden auf der LASER World of PHOTONICS sind:<\/strong><\/p>\n\n\n\n<p>Active Fiber Systems GmbH<\/p>\n\n\n\n<p>asphericon GmbH<\/p>\n\n\n\n<p>BATOP GmbH<\/p>\n\n\n\n<p>Carl Zeiss Jena GmbH<\/p>\n\n\n\n<p>Carl Zeiss Spectroscopy GmbH<\/p>\n\n\n\n<p>DeepEn (in Gr\u00fcndung)<\/p>\n\n\n\n<p>FAKT KOMMUNIKATION \u2013 Th\u00fcringer Pr\u00e4zision und Know-how<\/p>\n\n\n\n<p>Fraunhofer-Institut f\u00fcr Angewandte Optik und Feinmechanik IOF<\/p>\n\n\n\n<p>Gitterwerk GmbH<\/p>\n\n\n\n<p>Grintech GmbH<\/p>\n\n\n\n<p>Hellma Materials GmbH<\/p>\n\n\n\n<p>heracle GmbH<\/p>\n\n\n\n<p>Jenaer Antriebstechnik GmbH<\/p>\n\n\n\n<p>JENOPTIK AG<\/p>\n\n\n\n<p>JETI Technische Instrumente GmbH<\/p>\n\n\n\n<p>LASOS Lasertechnik GmbH<\/p>\n\n\n\n<p>Leibniz Gesundheitstechnologien<\/p>\n\n\n\n<p>Leistungselektronik JENA GmbH<\/p>\n\n\n\n<p>Lichtwerkstatt Open Photonics Makerspace<\/p>\n\n\n\n<p>LightTrans International GmbH<\/p>\n\n\n\n<p>Matthias Wetzel Industriebeschriftungen GmbH<\/p>\n\n\n\n<p>OPTIKRON GmbH<\/p>\n\n\n\n<p>OptoNet e.V.<\/p>\n\n\n\n<p>Photonics Precision Engineering GmbH<\/p>\n\n\n\n<p>piezosystem jena GmbH<\/p>\n\n\n\n<p>Prior Scientific Instruments GmbH<\/p>\n\n\n\n<p>Quantum Optics Jena GmbH<\/p>\n\n\n\n<p>ROBUST AO GmbH<\/p>\n\n\n\n<p>SPACEOPTIX GmbH<\/p>\n\n\n\n<p>Speck Sensorsysteme GmbH<\/p>\n\n\n\n<p>VITRON Spezialwerkstoffe GmbH<\/p>\n\n\n\n<p>VM-TIM GmbH<\/p>\n","protected":false},"excerpt":{"rendered":"<p>(Jena\/M\u00fcnchen, 26.06.2023) Geballte Optik-Kraft aus Jena ist ab morgen zu Gast auf der wichtigsten Laser- und Photonikmesse Europas, der LASER World of Photonics, in M\u00fcnchen. Vor Ort pr\u00e4sentieren sich 32 Unternehmen und Einrichtungen aus der Lichtstadt Jena. \u201eEs ist bemerkenswert, <a class=\"more-link\" href=\"https:\/\/wirtschaftspost-online.de\/?p=4744\">[ . . . ]<\/a><\/p>\n","protected":false},"author":4,"featured_media":0,"comment_status":"closed","ping_status":"closed","sticky":false,"template":"","format":"standard","meta":{"footnotes":""},"categories":[1],"tags":[],"class_list":["post-4744","post","type-post","status-publish","format-standard","hentry","category-allgemein"],"aioseo_notices":[],"aioseo_head":"\n\t\t<!-- All in One SEO 4.9.10 - aioseo.com -->\n\t<meta name=\"description\" content=\"(Jena\/M\u00fcnchen, 26.06.2023) Geballte Optik-Kraft aus Jena ist ab morgen zu Gast auf der wichtigsten Laser- und Photonikmesse Europas, der LASER World of Photonics, in M\u00fcnchen. Vor Ort pr\u00e4sentieren sich 32 Unternehmen und Einrichtungen aus der Lichtstadt Jena. \u201eEs ist bemerkenswert, wie viel geb\u00fcndelte Kompetenz aus Jena in Sachen Optik und Photonik auf der Leitmesse in\" \/>\n\t<meta name=\"robots\" content=\"max-image-preview:large\" \/>\n\t<meta name=\"author\" content=\"Freimut Hengst\"\/>\n\t<link rel=\"canonical\" href=\"https:\/\/wirtschaftspost-online.de\/?p=4744\" \/>\n\t<meta name=\"generator\" content=\"All in One SEO (AIOSEO) 4.9.10\" \/>\n\t\t<meta property=\"og:locale\" content=\"de_DE\" \/>\n\t\t<meta property=\"og:site_name\" content=\"Wirtschaftspost-Online - Das B2B-Online-Magazin in Sachsen, Sachsen-Anhalt und Th\u00fcringen\" \/>\n\t\t<meta property=\"og:type\" content=\"article\" \/>\n\t\t<meta property=\"og:title\" content=\"32 mal JENA auf der LASER World of Photonics in M\u00fcnchen (26.06.2023) - Wirtschaftspost-Online\" \/>\n\t\t<meta property=\"og:description\" content=\"(Jena\/M\u00fcnchen, 26.06.2023) Geballte Optik-Kraft aus Jena ist ab morgen zu Gast auf der wichtigsten Laser- und Photonikmesse Europas, der LASER World of Photonics, in M\u00fcnchen. Vor Ort pr\u00e4sentieren sich 32 Unternehmen und Einrichtungen aus der Lichtstadt Jena. \u201eEs ist bemerkenswert, wie viel geb\u00fcndelte Kompetenz aus Jena in Sachen Optik und Photonik auf der Leitmesse in\" \/>\n\t\t<meta property=\"og:url\" content=\"https:\/\/wirtschaftspost-online.de\/?p=4744\" \/>\n\t\t<meta property=\"og:image\" content=\"https:\/\/wirtschaftspost-online.de\/wp-content\/uploads\/2022\/01\/Header_SZ_3.png\" \/>\n\t\t<meta property=\"og:image:secure_url\" content=\"https:\/\/wirtschaftspost-online.de\/wp-content\/uploads\/2022\/01\/Header_SZ_3.png\" \/>\n\t\t<meta property=\"article:published_time\" content=\"2023-06-26T09:15:33+00:00\" \/>\n\t\t<meta property=\"article:modified_time\" content=\"2023-06-26T09:15:35+00:00\" \/>\n\t\t<meta name=\"twitter:card\" content=\"summary\" \/>\n\t\t<meta name=\"twitter:title\" content=\"32 mal JENA auf der LASER World of Photonics in M\u00fcnchen (26.06.2023) - Wirtschaftspost-Online\" \/>\n\t\t<meta name=\"twitter:description\" content=\"(Jena\/M\u00fcnchen, 26.06.2023) Geballte Optik-Kraft aus Jena ist ab morgen zu Gast auf der wichtigsten Laser- und Photonikmesse Europas, der LASER World of Photonics, in M\u00fcnchen. Vor Ort pr\u00e4sentieren sich 32 Unternehmen und Einrichtungen aus der Lichtstadt Jena. \u201eEs ist bemerkenswert, wie viel geb\u00fcndelte Kompetenz aus Jena in Sachen Optik und Photonik auf der Leitmesse in\" \/>\n\t\t<meta name=\"twitter:image\" content=\"https:\/\/wirtschaftspost-online.de\/wp-content\/uploads\/2022\/01\/Header_SZ_3.png\" \/>\n\t\t<script type=\"application\/ld+json\" class=\"aioseo-schema\">\n\t\t\t{\"@context\":\"https:\\\/\\\/schema.org\",\"@graph\":[{\"@type\":\"BlogPosting\",\"@id\":\"https:\\\/\\\/wirtschaftspost-online.de\\\/?p=4744#blogposting\",\"name\":\"32 mal JENA auf der LASER World of Photonics in M\\u00fcnchen (26.06.2023) - Wirtschaftspost-Online\",\"headline\":\"32 mal JENA auf der LASER World of Photonics in M\\u00fcnchen (26.06.2023)\",\"author\":{\"@id\":\"https:\\\/\\\/wirtschaftspost-online.de\\\/?author=4#author\"},\"publisher\":{\"@id\":\"https:\\\/\\\/wirtschaftspost-online.de\\\/#organization\"},\"image\":{\"@type\":\"ImageObject\",\"url\":\"https:\\\/\\\/wirtschaftspost-online.de\\\/wp-content\\\/uploads\\\/2023\\\/06\\\/LASER2022_MesseMuenchen_EingangOst_FAKT-Kommunikation.jpg\",\"@id\":\"https:\\\/\\\/wirtschaftspost-online.de\\\/?p=4744\\\/#articleImage\",\"width\":2048,\"height\":1536,\"caption\":\"25. LASER - World of PHOTONICS 2022 - Weltleitmesse und Kongress f\\u00fcr Komponenten, Systeme und Anwendungen der Photonik\\r26. - 29. April 2022, Messe M\\u00fcnchen\\r\\rFirmengemeinschaftsstand \\u0084Pr\\u00e4zision als Ma\\u00dfstab\\u0093\\r\\rMessestand: Halle B4 Stand 421 (Blockstand 66,0 m\\u00b2)\\rORGANISATOR: FAKT KOMMUNIKATION Karsten Seifert, Jena\\r\\rAussteller\\rIngenieurb\\u00fcro I-Z GmbH, Gera\\rLeistungselektronik Jena GmbH, Jena\\rMatthias Wetzel Industriebeschriftungen GmbH, Jena\\rSpeck Sensorsysteme GmbH, Jena\\r\\rhttps:\\\/\\\/world-of-photonics.com\\\/de\\\/\\rwww.fakt-kommunikation.de\"},\"datePublished\":\"2023-06-26T11:15:33+02:00\",\"dateModified\":\"2023-06-26T11:15:35+02:00\",\"inLanguage\":\"de-DE\",\"mainEntityOfPage\":{\"@id\":\"https:\\\/\\\/wirtschaftspost-online.de\\\/?p=4744#webpage\"},\"isPartOf\":{\"@id\":\"https:\\\/\\\/wirtschaftspost-online.de\\\/?p=4744#webpage\"},\"articleSection\":\"Allgemein\"},{\"@type\":\"BreadcrumbList\",\"@id\":\"https:\\\/\\\/wirtschaftspost-online.de\\\/?p=4744#breadcrumblist\",\"itemListElement\":[{\"@type\":\"ListItem\",\"@id\":\"https:\\\/\\\/wirtschaftspost-online.de#listItem\",\"position\":1,\"name\":\"Home\",\"item\":\"https:\\\/\\\/wirtschaftspost-online.de\",\"nextItem\":{\"@type\":\"ListItem\",\"@id\":\"https:\\\/\\\/wirtschaftspost-online.de\\\/?cat=1#listItem\",\"name\":\"Allgemein\"}},{\"@type\":\"ListItem\",\"@id\":\"https:\\\/\\\/wirtschaftspost-online.de\\\/?cat=1#listItem\",\"position\":2,\"name\":\"Allgemein\",\"item\":\"https:\\\/\\\/wirtschaftspost-online.de\\\/?cat=1\",\"nextItem\":{\"@type\":\"ListItem\",\"@id\":\"https:\\\/\\\/wirtschaftspost-online.de\\\/?p=4744#listItem\",\"name\":\"32 mal JENA auf der LASER World of Photonics in M\\u00fcnchen (26.06.2023)\"},\"previousItem\":{\"@type\":\"ListItem\",\"@id\":\"https:\\\/\\\/wirtschaftspost-online.de#listItem\",\"name\":\"Home\"}},{\"@type\":\"ListItem\",\"@id\":\"https:\\\/\\\/wirtschaftspost-online.de\\\/?p=4744#listItem\",\"position\":3,\"name\":\"32 mal JENA auf der LASER World of Photonics in M\\u00fcnchen (26.06.2023)\",\"previousItem\":{\"@type\":\"ListItem\",\"@id\":\"https:\\\/\\\/wirtschaftspost-online.de\\\/?cat=1#listItem\",\"name\":\"Allgemein\"}}]},{\"@type\":\"Organization\",\"@id\":\"https:\\\/\\\/wirtschaftspost-online.de\\\/#organization\",\"name\":\"Wirtschaftspost-Online\",\"description\":\"Das B2B-Online-Magazin in Sachsen, Sachsen-Anhalt und Th\\u00fcringen\",\"url\":\"https:\\\/\\\/wirtschaftspost-online.de\\\/\",\"logo\":{\"@type\":\"ImageObject\",\"url\":\"https:\\\/\\\/wirtschaftspost-online.de\\\/wp-content\\\/uploads\\\/2020\\\/04\\\/WIPO-Schriftzug-jpg-transparent-1-scaled.jpg\",\"@id\":\"https:\\\/\\\/wirtschaftspost-online.de\\\/?p=4744\\\/#organizationLogo\",\"width\":2560,\"height\":431},\"image\":{\"@id\":\"https:\\\/\\\/wirtschaftspost-online.de\\\/?p=4744\\\/#organizationLogo\"}},{\"@type\":\"Person\",\"@id\":\"https:\\\/\\\/wirtschaftspost-online.de\\\/?author=4#author\",\"url\":\"https:\\\/\\\/wirtschaftspost-online.de\\\/?author=4\",\"name\":\"Freimut Hengst\",\"image\":{\"@type\":\"ImageObject\",\"@id\":\"https:\\\/\\\/wirtschaftspost-online.de\\\/?p=4744#authorImage\",\"url\":\"https:\\\/\\\/secure.gravatar.com\\\/avatar\\\/0f2ae93d1e9fa2ebba95ab2cdfc9872bf20e1bd2a68c9a89aae61ac121856e5f?s=96&d=mm&r=g\",\"width\":96,\"height\":96,\"caption\":\"Freimut Hengst\"}},{\"@type\":\"WebPage\",\"@id\":\"https:\\\/\\\/wirtschaftspost-online.de\\\/?p=4744#webpage\",\"url\":\"https:\\\/\\\/wirtschaftspost-online.de\\\/?p=4744\",\"name\":\"32 mal JENA auf der LASER World of Photonics in M\\u00fcnchen (26.06.2023) - Wirtschaftspost-Online\",\"description\":\"(Jena\\\/M\\u00fcnchen, 26.06.2023) Geballte Optik-Kraft aus Jena ist ab morgen zu Gast auf der wichtigsten Laser- und Photonikmesse Europas, der LASER World of Photonics, in M\\u00fcnchen. Vor Ort pr\\u00e4sentieren sich 32 Unternehmen und Einrichtungen aus der Lichtstadt Jena. \\u201eEs ist bemerkenswert, wie viel geb\\u00fcndelte Kompetenz aus Jena in Sachen Optik und Photonik auf der Leitmesse in\",\"inLanguage\":\"de-DE\",\"isPartOf\":{\"@id\":\"https:\\\/\\\/wirtschaftspost-online.de\\\/#website\"},\"breadcrumb\":{\"@id\":\"https:\\\/\\\/wirtschaftspost-online.de\\\/?p=4744#breadcrumblist\"},\"author\":{\"@id\":\"https:\\\/\\\/wirtschaftspost-online.de\\\/?author=4#author\"},\"creator\":{\"@id\":\"https:\\\/\\\/wirtschaftspost-online.de\\\/?author=4#author\"},\"datePublished\":\"2023-06-26T11:15:33+02:00\",\"dateModified\":\"2023-06-26T11:15:35+02:00\"},{\"@type\":\"WebSite\",\"@id\":\"https:\\\/\\\/wirtschaftspost-online.de\\\/#website\",\"url\":\"https:\\\/\\\/wirtschaftspost-online.de\\\/\",\"name\":\"Wirtschaftspost-Online\",\"description\":\"Das B2B-Online-Magazin in Sachsen, Sachsen-Anhalt und Th\\u00fcringen\",\"inLanguage\":\"de-DE\",\"publisher\":{\"@id\":\"https:\\\/\\\/wirtschaftspost-online.de\\\/#organization\"}}]}\n\t\t<\/script>\n\t\t<!-- All in One SEO -->\n\n","aioseo_head_json":{"title":"32 mal JENA auf der LASER World of Photonics in M\u00fcnchen (26.06.2023) - Wirtschaftspost-Online","description":"(Jena\/M\u00fcnchen, 26.06.2023) Geballte Optik-Kraft aus Jena ist ab morgen zu Gast auf der wichtigsten Laser- und Photonikmesse Europas, der LASER World of Photonics, in M\u00fcnchen. Vor Ort pr\u00e4sentieren sich 32 Unternehmen und Einrichtungen aus der Lichtstadt Jena. \u201eEs ist bemerkenswert, wie viel geb\u00fcndelte Kompetenz aus Jena in Sachen Optik und Photonik auf der Leitmesse in","canonical_url":"https:\/\/wirtschaftspost-online.de\/?p=4744","robots":"max-image-preview:large","keywords":"","webmasterTools":{"miscellaneous":""},"schema":{"@context":"https:\/\/schema.org","@graph":[{"@type":"BlogPosting","@id":"https:\/\/wirtschaftspost-online.de\/?p=4744#blogposting","name":"32 mal JENA auf der LASER World of Photonics in M\u00fcnchen (26.06.2023) - Wirtschaftspost-Online","headline":"32 mal JENA auf der LASER World of Photonics in M\u00fcnchen (26.06.2023)","author":{"@id":"https:\/\/wirtschaftspost-online.de\/?author=4#author"},"publisher":{"@id":"https:\/\/wirtschaftspost-online.de\/#organization"},"image":{"@type":"ImageObject","url":"https:\/\/wirtschaftspost-online.de\/wp-content\/uploads\/2023\/06\/LASER2022_MesseMuenchen_EingangOst_FAKT-Kommunikation.jpg","@id":"https:\/\/wirtschaftspost-online.de\/?p=4744\/#articleImage","width":2048,"height":1536,"caption":"25. LASER - World of PHOTONICS 2022 - Weltleitmesse und Kongress f\u00fcr Komponenten, Systeme und Anwendungen der Photonik\r26. - 29. April 2022, Messe M\u00fcnchen\r\rFirmengemeinschaftsstand \u0084Pr\u00e4zision als Ma\u00dfstab\u0093\r\rMessestand: Halle B4 Stand 421 (Blockstand 66,0 m\u00b2)\rORGANISATOR: FAKT KOMMUNIKATION Karsten Seifert, Jena\r\rAussteller\rIngenieurb\u00fcro I-Z GmbH, Gera\rLeistungselektronik Jena GmbH, Jena\rMatthias Wetzel Industriebeschriftungen GmbH, Jena\rSpeck Sensorsysteme GmbH, Jena\r\rhttps:\/\/world-of-photonics.com\/de\/\rwww.fakt-kommunikation.de"},"datePublished":"2023-06-26T11:15:33+02:00","dateModified":"2023-06-26T11:15:35+02:00","inLanguage":"de-DE","mainEntityOfPage":{"@id":"https:\/\/wirtschaftspost-online.de\/?p=4744#webpage"},"isPartOf":{"@id":"https:\/\/wirtschaftspost-online.de\/?p=4744#webpage"},"articleSection":"Allgemein"},{"@type":"BreadcrumbList","@id":"https:\/\/wirtschaftspost-online.de\/?p=4744#breadcrumblist","itemListElement":[{"@type":"ListItem","@id":"https:\/\/wirtschaftspost-online.de#listItem","position":1,"name":"Home","item":"https:\/\/wirtschaftspost-online.de","nextItem":{"@type":"ListItem","@id":"https:\/\/wirtschaftspost-online.de\/?cat=1#listItem","name":"Allgemein"}},{"@type":"ListItem","@id":"https:\/\/wirtschaftspost-online.de\/?cat=1#listItem","position":2,"name":"Allgemein","item":"https:\/\/wirtschaftspost-online.de\/?cat=1","nextItem":{"@type":"ListItem","@id":"https:\/\/wirtschaftspost-online.de\/?p=4744#listItem","name":"32 mal JENA auf der LASER World of Photonics in M\u00fcnchen (26.06.2023)"},"previousItem":{"@type":"ListItem","@id":"https:\/\/wirtschaftspost-online.de#listItem","name":"Home"}},{"@type":"ListItem","@id":"https:\/\/wirtschaftspost-online.de\/?p=4744#listItem","position":3,"name":"32 mal JENA auf der LASER World of Photonics in M\u00fcnchen (26.06.2023)","previousItem":{"@type":"ListItem","@id":"https:\/\/wirtschaftspost-online.de\/?cat=1#listItem","name":"Allgemein"}}]},{"@type":"Organization","@id":"https:\/\/wirtschaftspost-online.de\/#organization","name":"Wirtschaftspost-Online","description":"Das B2B-Online-Magazin in Sachsen, Sachsen-Anhalt und Th\u00fcringen","url":"https:\/\/wirtschaftspost-online.de\/","logo":{"@type":"ImageObject","url":"https:\/\/wirtschaftspost-online.de\/wp-content\/uploads\/2020\/04\/WIPO-Schriftzug-jpg-transparent-1-scaled.jpg","@id":"https:\/\/wirtschaftspost-online.de\/?p=4744\/#organizationLogo","width":2560,"height":431},"image":{"@id":"https:\/\/wirtschaftspost-online.de\/?p=4744\/#organizationLogo"}},{"@type":"Person","@id":"https:\/\/wirtschaftspost-online.de\/?author=4#author","url":"https:\/\/wirtschaftspost-online.de\/?author=4","name":"Freimut Hengst","image":{"@type":"ImageObject","@id":"https:\/\/wirtschaftspost-online.de\/?p=4744#authorImage","url":"https:\/\/secure.gravatar.com\/avatar\/0f2ae93d1e9fa2ebba95ab2cdfc9872bf20e1bd2a68c9a89aae61ac121856e5f?s=96&d=mm&r=g","width":96,"height":96,"caption":"Freimut Hengst"}},{"@type":"WebPage","@id":"https:\/\/wirtschaftspost-online.de\/?p=4744#webpage","url":"https:\/\/wirtschaftspost-online.de\/?p=4744","name":"32 mal JENA auf der LASER World of Photonics in M\u00fcnchen (26.06.2023) - Wirtschaftspost-Online","description":"(Jena\/M\u00fcnchen, 26.06.2023) Geballte Optik-Kraft aus Jena ist ab morgen zu Gast auf der wichtigsten Laser- und Photonikmesse Europas, der LASER World of Photonics, in M\u00fcnchen. Vor Ort pr\u00e4sentieren sich 32 Unternehmen und Einrichtungen aus der Lichtstadt Jena. \u201eEs ist bemerkenswert, wie viel geb\u00fcndelte Kompetenz aus Jena in Sachen Optik und Photonik auf der Leitmesse in","inLanguage":"de-DE","isPartOf":{"@id":"https:\/\/wirtschaftspost-online.de\/#website"},"breadcrumb":{"@id":"https:\/\/wirtschaftspost-online.de\/?p=4744#breadcrumblist"},"author":{"@id":"https:\/\/wirtschaftspost-online.de\/?author=4#author"},"creator":{"@id":"https:\/\/wirtschaftspost-online.de\/?author=4#author"},"datePublished":"2023-06-26T11:15:33+02:00","dateModified":"2023-06-26T11:15:35+02:00"},{"@type":"WebSite","@id":"https:\/\/wirtschaftspost-online.de\/#website","url":"https:\/\/wirtschaftspost-online.de\/","name":"Wirtschaftspost-Online","description":"Das B2B-Online-Magazin in Sachsen, Sachsen-Anhalt und Th\u00fcringen","inLanguage":"de-DE","publisher":{"@id":"https:\/\/wirtschaftspost-online.de\/#organization"}}]},"og:locale":"de_DE","og:site_name":"Wirtschaftspost-Online - Das B2B-Online-Magazin in Sachsen, Sachsen-Anhalt und Th\u00fcringen","og:type":"article","og:title":"32 mal JENA auf der LASER World of Photonics in M\u00fcnchen (26.06.2023) - Wirtschaftspost-Online","og:description":"(Jena\/M\u00fcnchen, 26.06.2023) Geballte Optik-Kraft aus Jena ist ab morgen zu Gast auf der wichtigsten Laser- und Photonikmesse Europas, der LASER World of Photonics, in M\u00fcnchen. Vor Ort pr\u00e4sentieren sich 32 Unternehmen und Einrichtungen aus der Lichtstadt Jena. \u201eEs ist bemerkenswert, wie viel geb\u00fcndelte Kompetenz aus Jena in Sachen Optik und Photonik auf der Leitmesse in","og:url":"https:\/\/wirtschaftspost-online.de\/?p=4744","og:image":"https:\/\/wirtschaftspost-online.de\/wp-content\/uploads\/2022\/01\/Header_SZ_3.png","og:image:secure_url":"https:\/\/wirtschaftspost-online.de\/wp-content\/uploads\/2022\/01\/Header_SZ_3.png","article:published_time":"2023-06-26T09:15:33+00:00","article:modified_time":"2023-06-26T09:15:35+00:00","twitter:card":"summary","twitter:title":"32 mal JENA auf der LASER World of Photonics in M\u00fcnchen (26.06.2023) - Wirtschaftspost-Online","twitter:description":"(Jena\/M\u00fcnchen, 26.06.2023) Geballte Optik-Kraft aus Jena ist ab morgen zu Gast auf der wichtigsten Laser- und Photonikmesse Europas, der LASER World of Photonics, in M\u00fcnchen. Vor Ort pr\u00e4sentieren sich 32 Unternehmen und Einrichtungen aus der Lichtstadt Jena. \u201eEs ist bemerkenswert, wie viel geb\u00fcndelte Kompetenz aus Jena in Sachen Optik und Photonik auf der Leitmesse in","twitter:image":"https:\/\/wirtschaftspost-online.de\/wp-content\/uploads\/2022\/01\/Header_SZ_3.png"},"aioseo_meta_data":{"post_id":"4744","title":null,"description":null,"keywords":[],"keyphrases":{"focus":{"keyphrase":"","score":0,"analysis":{"keyphraseInTitle":{"score":0,"maxScore":9,"error":1}}},"additional":[]},"primary_term":null,"canonical_url":null,"og_title":null,"og_description":null,"og_object_type":"default","og_image_type":"default","og_image_url":null,"og_image_width":null,"og_image_height":null,"og_image_custom_url":null,"og_image_custom_fields":null,"og_video":"","og_custom_url":null,"og_article_section":null,"og_article_tags":[],"twitter_use_og":false,"twitter_card":"default","twitter_image_type":"default","twitter_image_url":null,"twitter_image_custom_url":null,"twitter_image_custom_fields":null,"twitter_title":null,"twitter_description":null,"schema":{"blockGraphs":[],"customGraphs":[],"default":{"data":{"Article":[],"Course":[],"Dataset":[],"FAQPage":[],"Movie":[],"Person":[],"Product":[],"ProductReview":[],"Car":[],"Recipe":[],"Service":[],"SoftwareApplication":[],"WebPage":[]},"graphName":"","isEnabled":true},"graphs":[]},"schema_type":"default","schema_type_options":null,"pillar_content":false,"robots_default":true,"robots_noindex":false,"robots_noarchive":false,"robots_nosnippet":false,"robots_nofollow":false,"robots_noimageindex":false,"robots_noodp":false,"robots_notranslate":false,"robots_max_snippet":"-1","robots_max_videopreview":"-1","robots_max_imagepreview":"large","priority":null,"frequency":"default","local_seo":null,"breadcrumb_settings":null,"limit_modified_date":false,"ai":null,"created":"2023-06-26 09:15:08","updated":"2025-07-16 16:44:21","seo_analyzer_scan_date":null},"aioseo_breadcrumb":"<div class=\"aioseo-breadcrumbs\"><span class=\"aioseo-breadcrumb\">\n\t\t\t<a href=\"https:\/\/wirtschaftspost-online.de\" title=\"Home\">Home<\/a>\n\t\t<\/span><span class=\"aioseo-breadcrumb-separator\">&raquo;<\/span><span class=\"aioseo-breadcrumb\">\n\t\t\t<a href=\"https:\/\/wirtschaftspost-online.de\/?cat=1\" title=\"Allgemein\">Allgemein<\/a>\n\t\t<\/span><span class=\"aioseo-breadcrumb-separator\">&raquo;<\/span><span class=\"aioseo-breadcrumb\">\n\t\t\t32 mal JENA auf der LASER World of Photonics in M\u00fcnchen (26.06.2023)\n\t\t<\/span><\/div>","aioseo_breadcrumb_json":[{"label":"Home","link":"https:\/\/wirtschaftspost-online.de"},{"label":"Allgemein","link":"https:\/\/wirtschaftspost-online.de\/?cat=1"},{"label":"32 mal JENA auf der LASER World of Photonics in M\u00fcnchen (26.06.2023)","link":"https:\/\/wirtschaftspost-online.de\/?p=4744"}],"_links":{"self":[{"href":"https:\/\/wirtschaftspost-online.de\/index.php?rest_route=\/wp\/v2\/posts\/4744","targetHints":{"allow":["GET"]}}],"collection":[{"href":"https:\/\/wirtschaftspost-online.de\/index.php?rest_route=\/wp\/v2\/posts"}],"about":[{"href":"https:\/\/wirtschaftspost-online.de\/index.php?rest_route=\/wp\/v2\/types\/post"}],"author":[{"embeddable":true,"href":"https:\/\/wirtschaftspost-online.de\/index.php?rest_route=\/wp\/v2\/users\/4"}],"replies":[{"embeddable":true,"href":"https:\/\/wirtschaftspost-online.de\/index.php?rest_route=%2Fwp%2Fv2%2Fcomments&post=4744"}],"version-history":[{"count":1,"href":"https:\/\/wirtschaftspost-online.de\/index.php?rest_route=\/wp\/v2\/posts\/4744\/revisions"}],"predecessor-version":[{"id":4746,"href":"https:\/\/wirtschaftspost-online.de\/index.php?rest_route=\/wp\/v2\/posts\/4744\/revisions\/4746"}],"wp:attachment":[{"href":"https:\/\/wirtschaftspost-online.de\/index.php?rest_route=%2Fwp%2Fv2%2Fmedia&parent=4744"}],"wp:term":[{"taxonomy":"category","embeddable":true,"href":"https:\/\/wirtschaftspost-online.de\/index.php?rest_route=%2Fwp%2Fv2%2Fcategories&post=4744"},{"taxonomy":"post_tag","embeddable":true,"href":"https:\/\/wirtschaftspost-online.de\/index.php?rest_route=%2Fwp%2Fv2%2Ftags&post=4744"}],"curies":[{"name":"wp","href":"https:\/\/api.w.org\/{rel}","templated":true}]}}