{"id":5663,"date":"2023-09-11T21:06:03","date_gmt":"2023-09-11T19:06:03","guid":{"rendered":"https:\/\/wirtschaftspost-online.de\/?p=5663"},"modified":"2023-09-22T12:04:42","modified_gmt":"2023-09-22T10:04:42","slug":"dreitaegiges-droemlingsfest-im-niedersaechsischen-brome","status":"publish","type":"post","link":"https:\/\/wirtschaftspost-online.de\/?p=5663","title":{"rendered":"WIRTSCHAFTSPOST-SP\u00c4TSOMMERTOUR: Dreit\u00e4giges Dr\u00f6mlingsfest im nieders\u00e4chsischen Brome"},"content":{"rendered":"<div class=\"wp-block-image\">\n<figure class=\"alignright size-full\"><img loading=\"lazy\" decoding=\"async\" width=\"206\" height=\"245\" src=\"https:\/\/wirtschaftspost-online.de\/wp-content\/uploads\/2023\/09\/droemlingfestlogo.jpg\" alt=\"\" class=\"wp-image-5664\"\/><\/figure><\/div>\n\n\n<p class=\"has-black-color has-text-color\">Im Beisein von <strong>Staatssekret\u00e4r Thomas W\u00fcnsch<\/strong> und <strong>Niedersachsens Umweltminister Christian Meyer<\/strong> ist am 8. September das dreit\u00e4gige Dr\u00f6mlingsfest im nieders\u00e4chsischen Brome er\u00f6ffnet worden. Noch bis zum Sonntag drehte sich hier alles ums Biosph\u00e4renreservat \u2013 von der Ernennung neuer Junior-Ranger und Tipps zum Nistkastenbau \u00fcber ein Rendezvous mit Uhu Locke bis hin zu Tierstimmen-R\u00e4tsel und Gesundheitswandern. Zudem pr\u00e4sentierten sich Vereine, Verb\u00e4nde und Unternehmen aus der Dr\u00f6mlings-Region mit Workshops und regionalen Produkten; abgerundet wurde das Fest von einem bunten B\u00fchnenprogramm.<\/p>\n\n\n<div class=\"wp-block-image\">\n<figure class=\"alignright size-full is-resized\"><img loading=\"lazy\" decoding=\"async\" src=\"https:\/\/wirtschaftspost-online.de\/wp-content\/uploads\/2023\/09\/unescologo.png\" alt=\"\" class=\"wp-image-5665\" style=\"width:168px;height:127px\" width=\"168\" height=\"127\" srcset=\"https:\/\/wirtschaftspost-online.de\/wp-content\/uploads\/2023\/09\/unescologo.png 300w, https:\/\/wirtschaftspost-online.de\/wp-content\/uploads\/2023\/09\/unescologo-261x196.png 261w\" sizes=\"auto, (max-width: 168px) 100vw, 168px\" \/><\/figure><\/div>\n\n\n<p class=\"has-black-color has-text-color\">Die Minister Prof. Dr. Armin Willingmann f\u00fcr Sachsen-Anhalt und Olaf Lies f\u00fcr Niedersachsen hatten bereits im Mai 2022 im Rahmen der Umweltministerkonferenz die letzten noch fehlenden Unterschriften unter den Antrag auf Anerkennung des Dr\u00f6mlings als l\u00e4nder\u00fcbergreifendes UNESCO-Biosph\u00e4renreservat gesetzt.<\/p>\n\n\n\n<p class=\"has-black-color has-text-color\">Die beiden voran gegangenen Dr\u00f6mlingsfeste in Kunrau im Jahr 2019 sowie in Oebisfelde 2020 und 2021 hatten l\u00e4ngst gezeigt, dass sich der Zusammenschluss zahlreicher Akteure aus f\u00fcnf Landkreisen aus Niedersachsen und Sachsen-Anhalt positiv auf die Region ausgewirkt hat. Teil 2 des Dr\u00f6mlingsfestes 2.0 fand als dreit\u00e4giges Event vom 17. \u2013 19. Juni&nbsp;<em>2022<\/em>&nbsp;in Oebisfelde an der Sumpfburg statt.<\/p>\n\n\n\n<p class=\"has-black-color has-text-color\">Besonderes Highlight zur Er\u00f6ffnung: die \u00dcbergabe der Urkunde zur UNESCO-Anerkennung des l\u00e4nder\u00fcbergreifenden Biosph\u00e4renreservats Dr\u00f6mling. Nachdem der Internationale Koordinierungsrat des Programms \u201eMan and the Biosphere\u201c (MAB) Mitte Juni 2023 in Paris die positive Entscheidung verk\u00fcndet hatte, \u00fcberreichte der Vorsitzende des deutschen MAB-Komitees, Dr. Stefan L\u00fctkes, die Urkunde am 8. September an den Leiter des UNESCO-Biosph\u00e4renreservates, Fred Braumann.<\/p>\n\n\n\n<p class=\"has-black-color has-text-color\">Thomas W\u00fcnsch, Staatssekret\u00e4r im Ministerium f\u00fcr Wissenschaft, Energie, Klimaschutz und Umwelt Sachsen-Anhalt sagte: <em>\u201eDie Anerkennung durch die UNESCO ist der Ritterschlag f\u00fcr unsere erheblichen, l\u00e4nder\u00fcbergreifenden Anstrengungen zum Naturschutz im Dr\u00f6mling. Die nachhaltige Entwicklung dieser einzigartigen Natur- und Kulturlandschaft erh\u00e4lt durch das UNESCO-G\u00fctesiegel einen zus\u00e4tzlichen Impuls. Im Dr\u00f6mling sollen Klima- und Naturschutz k\u00fcnftig noch st\u00e4rker mit nachhaltiger Wirtschaft, regionaler Identit\u00e4t und Bildung verbunden werden. Das darf gern gefeiert werden.\u201c<\/em><\/p>\n\n\n\n<figure class=\"wp-block-image size-full\"><img loading=\"lazy\" decoding=\"async\" width=\"756\" height=\"425\" src=\"https:\/\/wirtschaftspost-online.de\/wp-content\/uploads\/2023\/09\/urkundeuebergabe-bearbeitet.jpg\" alt=\"\" class=\"wp-image-5684\" srcset=\"https:\/\/wirtschaftspost-online.de\/wp-content\/uploads\/2023\/09\/urkundeuebergabe-bearbeitet.jpg 756w, https:\/\/wirtschaftspost-online.de\/wp-content\/uploads\/2023\/09\/urkundeuebergabe-bearbeitet-300x169.jpg 300w, https:\/\/wirtschaftspost-online.de\/wp-content\/uploads\/2023\/09\/urkundeuebergabe-bearbeitet-650x365.jpg 650w\" sizes=\"auto, (max-width: 756px) 100vw, 756px\" \/><figcaption class=\"wp-element-caption\">Von links nach rechts im Rampenlicht:\u00a0<br>Landrat Landkreis Gifhorn, Herr Tobias Heilmanni,<br>Vorsitzender des deutschen MAB-Nationalkomitees, Herr Dr. Stefan L\u00fctkes,<br>Staatssekret\u00e4r im Ministerium f\u00fcr Wissenschaft, Energie, Klimaschutz und Umwelt Sachsen-Anhalt, Herr Thomas W\u00fcnsch,<br>Minister des nieders\u00e4chsischen Ministeriums f\u00fcr Umwelt, Energie und Klimaschutz, Herr Christian Meyer,<br>B\u00fcrgermeister des Flecken Brome, Herr Lothar Hillmer,<br>B\u00fcrgermeister der Samtgemeinde Brome, Herr Wieland Bartels,<br>Leiter des Biosph\u00e4renreservates Dr\u00f6mling, Herr Fred Braumann,<br>Regionalmanagerin im Biosph\u00e4renreservat Dr\u00f6mling und Verantwortliche f\u00fcr das Dr\u00f6mlingsfest, Frau Juliane Ruttkowski<\/figcaption><\/figure>\n\n\n\n<div style=\"height:12px\" aria-hidden=\"true\" class=\"wp-block-spacer\"><\/div>\n\n\n\n<p class=\"has-black-color has-text-color\">Biosph\u00e4renreservate dienen dem Naturschutz und sind dar\u00fcber hinaus Modellregionen f\u00fcr nachhaltige Entwicklung. Das \u201eUNESCO Biosph\u00e4renreservat Dr\u00f6mling\u201c umfasst eine Fl\u00e4che von 45.220 Hektar; davon liegen rund drei Viertel (34.070 Hektar) in Sachsen-Anhalt und etwa ein Viertel (11.150 Hektar) im benachbarten Niedersachsen.<\/p>\n\n\n\n<p class=\"has-black-color has-text-color\">F\u00fcr die l\u00e4nder\u00fcbergreifende Entwicklung des \u201eUNESCO-Biosph\u00e4renreservates Dr\u00f6mling\u201c ist die Reservatsverwaltung in Oebisfelde (Landkreis B\u00f6rde) zust\u00e4ndig. Sie wird personell und finanziell gest\u00e4rkt, um Aufgaben wie Gebietsbetreuung, Umweltbildung, Beratung und Regionalentwicklung auch f\u00fcr die nieders\u00e4chsischen Fl\u00e4chen zu \u00fcbernehmen.<\/p>\n\n\n\n<div style=\"height:7px\" aria-hidden=\"true\" class=\"wp-block-spacer\"><\/div>\n\n\n\n<figure class=\"wp-block-image size-full\"><img loading=\"lazy\" decoding=\"async\" width=\"756\" height=\"463\" src=\"https:\/\/wirtschaftspost-online.de\/wp-content\/uploads\/2023\/09\/einstimmung-bearbeitet.jpg\" alt=\"\" class=\"wp-image-5685\" srcset=\"https:\/\/wirtschaftspost-online.de\/wp-content\/uploads\/2023\/09\/einstimmung-bearbeitet.jpg 756w, https:\/\/wirtschaftspost-online.de\/wp-content\/uploads\/2023\/09\/einstimmung-bearbeitet-300x184.jpg 300w, https:\/\/wirtschaftspost-online.de\/wp-content\/uploads\/2023\/09\/einstimmung-bearbeitet-650x398.jpg 650w\" sizes=\"auto, (max-width: 756px) 100vw, 756px\" \/><figcaption class=\"wp-element-caption\">Er\u00f6ffnung des Dr\u00f6mlingsfestes durch den Leiter des Biosph\u00e4erenreservates Dr\u00f6mling, eingestimmt mit Musik der Hofmusikanten aus Isenb\u00fcttel.<\/figcaption><\/figure>\n\n\n\n<figure class=\"wp-block-image size-full\"><img loading=\"lazy\" decoding=\"async\" width=\"756\" height=\"1008\" src=\"https:\/\/wirtschaftspost-online.de\/wp-content\/uploads\/2023\/09\/burg-foto-freimut-bearbeitet.jpg\" alt=\"\" class=\"wp-image-5690\" srcset=\"https:\/\/wirtschaftspost-online.de\/wp-content\/uploads\/2023\/09\/burg-foto-freimut-bearbeitet.jpg 756w, https:\/\/wirtschaftspost-online.de\/wp-content\/uploads\/2023\/09\/burg-foto-freimut-bearbeitet-225x300.jpg 225w, https:\/\/wirtschaftspost-online.de\/wp-content\/uploads\/2023\/09\/burg-foto-freimut-bearbeitet-650x867.jpg 650w, https:\/\/wirtschaftspost-online.de\/wp-content\/uploads\/2023\/09\/burg-foto-freimut-bearbeitet-300x400.jpg 300w\" sizes=\"auto, (max-width: 756px) 100vw, 756px\" \/><figcaption class=\"wp-element-caption\">Schon am Eingang zur Burg von der Hauptstra\u00dfe Brome f\u00fchlten sich viele Besucher von den Kl\u00e4ngen der kleinen B\u00fchne  angezogen, um die warmen Sommertage zu genie\u00dfen.<\/figcaption><\/figure>\n\n\n\n<figure class=\"wp-block-table\"><table><tbody><tr><td class=\"has-text-align-center\" data-align=\"center\"> <br><img loading=\"lazy\" decoding=\"async\" width=\"472\" height=\"630\" class=\"wp-image-5686\" style=\"\" src=\"https:\/\/wirtschaftspost-online.de\/wp-content\/uploads\/2023\/09\/nistkaesten-bearbeitet.jpg\" alt=\"\" srcset=\"https:\/\/wirtschaftspost-online.de\/wp-content\/uploads\/2023\/09\/nistkaesten-bearbeitet.jpg 472w, https:\/\/wirtschaftspost-online.de\/wp-content\/uploads\/2023\/09\/nistkaesten-bearbeitet-225x300.jpg 225w, https:\/\/wirtschaftspost-online.de\/wp-content\/uploads\/2023\/09\/nistkaesten-bearbeitet-300x400.jpg 300w\" sizes=\"auto, (max-width: 472px) 100vw, 472px\" \/><br><br>Am Aktionsstand des Biosph\u00e4renreservates bauten zertifizierte Natur- und Landschaftsf\u00fchrer mit Kindern Nistk\u00e4sten f\u00fcr V\u00f6gel.<figcaption class=\"wp-element-caption\"><\/figcaption> <\/td><td>     <\/td><td><\/td><td> <img loading=\"lazy\" decoding=\"async\" width=\"567\" height=\"756\" class=\"wp-image-5687\" style=\"\" src=\"https:\/\/wirtschaftspost-online.de\/wp-content\/uploads\/2023\/09\/insekten-bearbeitet.jpg\" alt=\"\" srcset=\"https:\/\/wirtschaftspost-online.de\/wp-content\/uploads\/2023\/09\/insekten-bearbeitet.jpg 567w, https:\/\/wirtschaftspost-online.de\/wp-content\/uploads\/2023\/09\/insekten-bearbeitet-225x300.jpg 225w, https:\/\/wirtschaftspost-online.de\/wp-content\/uploads\/2023\/09\/insekten-bearbeitet-300x400.jpg 300w\" sizes=\"auto, (max-width: 567px) 100vw, 567px\" \/><br><br>Fachkundige Erkl\u00e4rungen f\u00fcr Gro\u00df und Klein zum Thema Insekten gab es auch am Stand des Naturschutz Bromer Land e.V. <\/td><\/tr><\/tbody><\/table><\/figure>\n\n\n\n<p class=\"has-black-color has-text-color\">Der Dr\u00f6mling ist gepr\u00e4gt von ausgedehnten Gr\u00fcnlandfl\u00e4chen, Feuchtw\u00e4ldern sowie einem engen Netz von Gr\u00e4ben mit einer Gesamtl\u00e4nge von rund 2.200 Kilometern. Etwa 16.800 Hektar werden von Niedermooren und Anmooren eingenommen. In der vielf\u00e4ltigen Landschaft finden sich auf engstem Raum seltene Pflanzen- und Tierarten wie Fischotter, Seeadler oder Schilfrohrs\u00e4nger. Auch Biber, Laub- und Moorfrosch sowie die Libellenart Gro\u00dfe Moosjungfer haben hier R\u00fcckzugsorte.<\/p>\n\n\n\n<p class=\"has-black-color has-text-color\">Das inzwischen dritte Dr\u00f6mlingsfest wird von den Umweltministerien aus Niedersachsen und Sachsen-Anhalt sowie dem Biosph\u00e4renreservat unterst\u00fctzt. Die Premiere fand 2019 am Schloss Kunrau (Altmarkkreis Salzwedel) statt; die zweite Auflage dann 2021\/22 auf dem Burggel\u00e4nde Oebisfelde.<\/p>\n\n\n\n<p class=\"has-black-color has-text-color\">Zu Gast war auch eine polnische Delegation aus dem Partner-Naturpark Welski im polnischen Lidzbark sowie aus dem Naturpark Jerzwald und aus der Universit\u00e4t Warminsko-Mazursiki. Mit diesen Akteuren besteht eine Kooperation im Bereich Wildbienen und Honigbienen. &#8222;Bei einem Besuch im Oktober konnten wir uns in Polen ein Bild von den Projekten und von der Arbeit dort machen. Bei dem diesmaligen Austausch konnten wir unsere Projekte vorstellen und wieder viele Erfahrungen austauschen. Ein Programmpunkt im Rahmen des Besuches vom 06. &#8211; 10.09.2023 war nat\u00fcrlich auch das Dr\u00f6mlingsfest, verbunden mit der feierlichen \u00dcbergabe der UNESCO-Anerkennung&#8220; informierte Sabine Wieter vom Biosph\u00e4renreservat Dr\u00f6mling.<\/p>\n\n\n\n<figure class=\"wp-block-image size-full\"><img loading=\"lazy\" decoding=\"async\" width=\"756\" height=\"567\" src=\"https:\/\/wirtschaftspost-online.de\/wp-content\/uploads\/2023\/09\/Naturpark-Welski-bearbeitet.jpg\" alt=\"\" class=\"wp-image-5688\" srcset=\"https:\/\/wirtschaftspost-online.de\/wp-content\/uploads\/2023\/09\/Naturpark-Welski-bearbeitet.jpg 756w, https:\/\/wirtschaftspost-online.de\/wp-content\/uploads\/2023\/09\/Naturpark-Welski-bearbeitet-300x225.jpg 300w, https:\/\/wirtschaftspost-online.de\/wp-content\/uploads\/2023\/09\/Naturpark-Welski-bearbeitet-650x488.jpg 650w, https:\/\/wirtschaftspost-online.de\/wp-content\/uploads\/2023\/09\/Naturpark-Welski-bearbeitet-261x196.jpg 261w, https:\/\/wirtschaftspost-online.de\/wp-content\/uploads\/2023\/09\/Naturpark-Welski-bearbeitet-540x406.jpg 540w\" sizes=\"auto, (max-width: 756px) 100vw, 756px\" \/><figcaption class=\"wp-element-caption\">Polnische Delegation aus dem Partner-Naturpark Welski im polnischen Lidzbark sowie aus dem Naturpark Jerzwald und aus der Universit\u00e4t Warminsko-Mazursiki.<\/figcaption><\/figure>\n\n\n\n<p class=\"has-black-color has-text-color\">Aufgrund anderer Verpflichtungen konnte Ihre WIRTSCHAFTSPOST in diesem Jahr nur den Ausklang des dreit\u00e4gigen Events am Sonntag aktiv miterleben. Unser besonderer Dank gilt deshalb Frau Sabine Wieter, Mitarbeiterin \u00d6ffentlichkeitsarbeit\/Umweltbildung des Biosph\u00e4renreservats Dr\u00f6mling, die uns mit Bildern und Textbausteinen einen Eindruck von dem Event vermittelte.<\/p>\n\n\n\n<p>Doch die Wolfshunde blieben aufmerksam, lie\u00dfen aber alle Besucher brav passieren.<\/p>\n\n\n\n<figure class=\"wp-block-table\"><table><tbody><tr><td><img loading=\"lazy\" decoding=\"async\" width=\"300\" height=\"400\" class=\"wp-image-5691\" style=\"width: 300px;\" src=\"https:\/\/wirtschaftspost-online.de\/wp-content\/uploads\/2023\/09\/wolfshunde-bearbeitet.jpg\" alt=\"\" srcset=\"https:\/\/wirtschaftspost-online.de\/wp-content\/uploads\/2023\/09\/wolfshunde-bearbeitet.jpg 567w, https:\/\/wirtschaftspost-online.de\/wp-content\/uploads\/2023\/09\/wolfshunde-bearbeitet-225x300.jpg 225w, https:\/\/wirtschaftspost-online.de\/wp-content\/uploads\/2023\/09\/wolfshunde-bearbeitet-300x400.jpg 300w\" sizes=\"auto, (max-width: 300px) 100vw, 300px\" \/><br><br>Tierische Akteure: Wolfshunde<\/td><td>     <\/td><td><\/td><td><img decoding=\"async\" style=\"\" src=\"https:\/\/wirtschaftspost-online.de\/wp-content\/uploads\/2023\/09\/igm-stand-freimut-bearbeitet.jpg\" alt=\"\"><br><br>Das Gl\u00fccksrad der IG Metall verhalf manchen Passanten zu unerwarteten Preisen.<\/td><\/tr><\/tbody><\/table><\/figure>\n\n\n\n<p class=\"has-black-color has-text-color\">Auch die Kolleginnen und Kollegen der IG Metall Wolfsburg wurden nicht m\u00fcde, neue Mitglieder unter den Besuchern zu werben.<\/p>\n\n\n\n<figure class=\"wp-block-image size-full\"><img loading=\"lazy\" decoding=\"async\" width=\"756\" height=\"567\" src=\"https:\/\/wirtschaftspost-online.de\/wp-content\/uploads\/2023\/09\/grosse-buehne-freimut-bearbeitet.jpg\" alt=\"\" class=\"wp-image-5692\" srcset=\"https:\/\/wirtschaftspost-online.de\/wp-content\/uploads\/2023\/09\/grosse-buehne-freimut-bearbeitet.jpg 756w, https:\/\/wirtschaftspost-online.de\/wp-content\/uploads\/2023\/09\/grosse-buehne-freimut-bearbeitet-300x225.jpg 300w, https:\/\/wirtschaftspost-online.de\/wp-content\/uploads\/2023\/09\/grosse-buehne-freimut-bearbeitet-650x488.jpg 650w, https:\/\/wirtschaftspost-online.de\/wp-content\/uploads\/2023\/09\/grosse-buehne-freimut-bearbeitet-261x196.jpg 261w, https:\/\/wirtschaftspost-online.de\/wp-content\/uploads\/2023\/09\/grosse-buehne-freimut-bearbeitet-540x406.jpg 540w\" sizes=\"auto, (max-width: 756px) 100vw, 756px\" \/><figcaption class=\"wp-element-caption\">Die gro\u00dfe B\u00fchne lie\u00df am Sonntag nur noch ahnen, dass am Wochenende hier die Gruppe Karat und andere kulturellen Angebote f\u00fcr tolle Stimmung gesorgt hatten. Auch am Fischbr\u00f6tchenstand und bei anderen regionalen Anbietern herrschte ein wenig Entt\u00e4uschung \u00fcber den ruhigen Ausklang des Events.<\/figcaption><\/figure>\n\n\n\n<figure class=\"wp-block-image size-full is-resized\"><img loading=\"lazy\" decoding=\"async\" src=\"https:\/\/wirtschaftspost-online.de\/wp-content\/uploads\/2023\/09\/guzzo-eisbar-freimut-bearbeitet.jpg\" alt=\"\" class=\"wp-image-5695\" style=\"width:645px;height:483px\" width=\"645\" height=\"483\" srcset=\"https:\/\/wirtschaftspost-online.de\/wp-content\/uploads\/2023\/09\/guzzo-eisbar-freimut-bearbeitet.jpg 813w, https:\/\/wirtschaftspost-online.de\/wp-content\/uploads\/2023\/09\/guzzo-eisbar-freimut-bearbeitet-300x225.jpg 300w, https:\/\/wirtschaftspost-online.de\/wp-content\/uploads\/2023\/09\/guzzo-eisbar-freimut-bearbeitet-768x575.jpg 768w, https:\/\/wirtschaftspost-online.de\/wp-content\/uploads\/2023\/09\/guzzo-eisbar-freimut-bearbeitet-650x487.jpg 650w, https:\/\/wirtschaftspost-online.de\/wp-content\/uploads\/2023\/09\/guzzo-eisbar-freimut-bearbeitet-261x196.jpg 261w\" sizes=\"auto, (max-width: 645px) 100vw, 645px\" \/><figcaption class=\"wp-element-caption\">Auf dem Heimweg vom Fest bildeten sich am Sonntag auff\u00e4llige Wartekollektive vor dem Eiscafe Guzzo \u2013 nur ein Beweis daf\u00fcr, dass der Tourismus und die Gastronomie in Brome vom Dr\u00f6mlingfest profitieren konnten.<\/figcaption><\/figure>\n\n\n\n<p><em>Bildrechte: Biosph\u00e4renreservat Dr\u00f6mling<\/em><\/p>\n\n\n\n<p>Mehr unter<strong><em> <a href=\"http:\/\/www.droemlingsfest.de\" target=\"_blank\" rel=\"noopener\" title=\"www.droemlingsfest.de \">www.droemlingsfest.de <\/a><br><a href=\"http:\/\/www.biosphaerenreservat-droemling.de\" target=\"_blank\" rel=\"noopener\" title=\"www.biosphaerenreservat-droemling.de\">www.biosphaerenreservat-droemling.de<\/a><\/em><\/strong><\/p>\n\n\n\n<div style=\"height:21px\" aria-hidden=\"true\" class=\"wp-block-spacer\"><\/div>\n\n\n\n<figure class=\"wp-block-image size-full\"><a href=\"https:\/\/wirtschaftspost-online.de\/?page_id=4976\"><img loading=\"lazy\" decoding=\"async\" width=\"600\" height=\"189\" src=\"https:\/\/wirtschaftspost-online.de\/wp-content\/uploads\/2023\/08\/banner-sommertour-klein.png\" alt=\"\" class=\"wp-image-5515\" srcset=\"https:\/\/wirtschaftspost-online.de\/wp-content\/uploads\/2023\/08\/banner-sommertour-klein.png 600w, https:\/\/wirtschaftspost-online.de\/wp-content\/uploads\/2023\/08\/banner-sommertour-klein-300x95.png 300w\" sizes=\"auto, (max-width: 600px) 100vw, 600px\" \/><\/a><\/figure>\n","protected":false},"excerpt":{"rendered":"<p>Im Beisein von Staatssekret\u00e4r Thomas W\u00fcnsch und Niedersachsens Umweltminister Christian Meyer ist am 8. September das dreit\u00e4gige Dr\u00f6mlingsfest im nieders\u00e4chsischen Brome er\u00f6ffnet worden. Noch bis zum Sonntag drehte sich hier alles ums Biosph\u00e4renreservat \u2013 von der Ernennung neuer Junior-Ranger und <a class=\"more-link\" href=\"https:\/\/wirtschaftspost-online.de\/?p=5663\">[ . . . ]<\/a><\/p>\n","protected":false},"author":4,"featured_media":0,"comment_status":"closed","ping_status":"closed","sticky":false,"template":"","format":"standard","meta":{"footnotes":""},"categories":[1],"tags":[],"class_list":["post-5663","post","type-post","status-publish","format-standard","hentry","category-allgemein"],"aioseo_notices":[],"_links":{"self":[{"href":"https:\/\/wirtschaftspost-online.de\/index.php?rest_route=\/wp\/v2\/posts\/5663","targetHints":{"allow":["GET"]}}],"collection":[{"href":"https:\/\/wirtschaftspost-online.de\/index.php?rest_route=\/wp\/v2\/posts"}],"about":[{"href":"https:\/\/wirtschaftspost-online.de\/index.php?rest_route=\/wp\/v2\/types\/post"}],"author":[{"embeddable":true,"href":"https:\/\/wirtschaftspost-online.de\/index.php?rest_route=\/wp\/v2\/users\/4"}],"replies":[{"embeddable":true,"href":"https:\/\/wirtschaftspost-online.de\/index.php?rest_route=%2Fwp%2Fv2%2Fcomments&post=5663"}],"version-history":[{"count":20,"href":"https:\/\/wirtschaftspost-online.de\/index.php?rest_route=\/wp\/v2\/posts\/5663\/revisions"}],"predecessor-version":[{"id":5766,"href":"https:\/\/wirtschaftspost-online.de\/index.php?rest_route=\/wp\/v2\/posts\/5663\/revisions\/5766"}],"wp:attachment":[{"href":"https:\/\/wirtschaftspost-online.de\/index.php?rest_route=%2Fwp%2Fv2%2Fmedia&parent=5663"}],"wp:term":[{"taxonomy":"category","embeddable":true,"href":"https:\/\/wirtschaftspost-online.de\/index.php?rest_route=%2Fwp%2Fv2%2Fcategories&post=5663"},{"taxonomy":"post_tag","embeddable":true,"href":"https:\/\/wirtschaftspost-online.de\/index.php?rest_route=%2Fwp%2Fv2%2Ftags&post=5663"}],"curies":[{"name":"wp","href":"https:\/\/api.w.org\/{rel}","templated":true}]}}