{"id":5925,"date":"2023-11-23T15:36:03","date_gmt":"2023-11-23T14:36:03","guid":{"rendered":"https:\/\/wirtschaftspost-online.de\/?p=5925"},"modified":"2023-11-27T09:55:39","modified_gmt":"2023-11-27T08:55:39","slug":"weil-wir-wissen-dass-sie-das-interessiert-wipo-special-weihnachtsmaerkte-in-mitteldeutschland","status":"publish","type":"post","link":"https:\/\/wirtschaftspost-online.de\/?p=5925","title":{"rendered":"Weil wir wissen, dass Sie das interessiert: WIPO-Special &#8222;Weihnachtsm\u00e4rkte in Mitteldeutschland&#8220;"},"content":{"rendered":"\n<p class=\"has-text-color has-link-color wp-elements-a8a69d0b1fe2eebedf0639f5547f0831\" style=\"color:#036101\"><strong>Weihnachten, Weihnachten steht vor der T\u00fcr, ist das nicht wunderbar? Ja. Ihre WIRTSCHAFTSPOST wird in den n\u00e4chsten Wochen alle Informationen \u00fcber die Weihnachtsm\u00e4rkte in Mitteldeutschland wie ein Schwamm aufsaugen, weil wir wissen, dass Sie das interessiert.<\/strong><\/p>\n\n\n\n<p>So k\u00f6nnen Sie, liebe Leserinnen und Leser, sich selbst ein Bild davon machen und entscheiden, ob Sie nur in Ihrer Heimatstadt \u00fcber den Weihnachtsmarkt bummeln wollen, oder sich aus der Vielzahl der Angebote f\u00fcr eine touristische Unternehmung in eine andere Stadt oder Gemeinde entscheiden m\u00f6chten. Auch wollen wir \u00fcber kleine Weihnachts- und Winterm\u00e4rkte in Mitteldeutschland berichten, die nicht selten mit leiseren T\u00f6nen und mehr Romantik auf ihre Besucher warten. Nur ein Beispiel: Der Weihnachtsmarkt der St\u00e4dtischen Werke in Magdeburg \u2013 keine 100 Meter vom gro\u00dfen Weihnachtsmarkt der Stadt auf dem Alten Markt entfernt. <\/p>\n\n\n\n<p>Weil wir ein Wirtschaftsmagazin sind, werden wir die mitteldeutschen Kommunen auch fragen, wie sie ihren Weihnachtsmarkt kalkulieren, und auf welchem Weg sie positive  Ergebnisse anstreben.  <\/p>\n\n\n\n<p>Schon heute wissen wir, dass die Gesch\u00e4ftsmodelle von Stadt zu Stadt sehr unterschiedlich sind:<br><\/p>\n\n\n\n<h2 class=\"wp-block-heading\">Chemnitz \u2013 immer eine Bauml\u00e4nge voraus<\/h2>\n\n\n\n<p>Bereits am 1. November erfuhren wir aus der Chemnitzer Pressestelle, dass hier kein externes Dienstleistungsunternehmen als Marktbetreiber beauftragt wird. B\u00fcrgermeister Knut Kunze, Referent Robert Frenzel und die amtierende Leiterin des Sachgebietes Veranstaltungen, Marktwesen im Ordnungsamt der Stadt Chemnitz, Kathleen Herold, erl\u00e4uterten der Presse schon am 6. November das Konzept des diesj\u00e4hrigen Chemnitzer Weihnachtsmarktes und standen f\u00fcr Fragen zur Verf\u00fcgung.<\/p>\n\n\n\n<p>Der Chemnitzer Weihnachtsmarkt findet in diesem Jahr vom 1. bis 23. Dezember statt. <\/p>\n\n\n<div class=\"wp-block-image\">\n<figure class=\"alignright size-medium\"><img loading=\"lazy\" decoding=\"async\" width=\"196\" height=\"300\" src=\"https:\/\/wirtschaftspost-online.de\/wp-content\/uploads\/2023\/11\/chemnitz-Wbaum-2023-196x300.jpg\" alt=\"\" class=\"wp-image-6070\" srcset=\"https:\/\/wirtschaftspost-online.de\/wp-content\/uploads\/2023\/11\/chemnitz-Wbaum-2023-196x300.jpg 196w, https:\/\/wirtschaftspost-online.de\/wp-content\/uploads\/2023\/11\/chemnitz-Wbaum-2023-300x459.jpg 300w, https:\/\/wirtschaftspost-online.de\/wp-content\/uploads\/2023\/11\/chemnitz-Wbaum-2023.jpg 350w\" sizes=\"auto, (max-width: 196px) 100vw, 196px\" \/><\/figure><\/div>\n\n\n<p><em>&#8222;Der Baum wird am Samstag von Mitarbeiter:innen der Firma Techno-Farm und Service GmbH gef\u00e4llt und w\u00e4hrend einer mehrst\u00fcndigen Fahrt auf einem Tieflader transportiert. Die Wartezeit bis zum Eintreffen des Baumes in Chemnitz kann in diesem Jahr wieder mit Gegrilltem und Gl\u00fchwein auf dem Markt verk\u00fcrzt werden&#8220;<\/em> hie\u00df es bereits in einer ersten Pressemittelung vom 3. November.<\/p>\n\n\n\n<p>Der Weihnachtsbaum wurde in J\u00e4gersgr\u00fcn im Forstrevier Tannenbergstal, Forstbezirk Adorf des Staatsbetriebes Sachsenforst gefunden. Die ca. 25 Meter hohe Fichte wird auf ein Alter von etwa 40 bis 50 Jahren gesch\u00e4tzt. Ihr genaues Alter kann erst nach der F\u00e4llung anhand der Jahresringe ermittelt werden. Auf dem Chemnitzer Markt werden rund 20 bis 22 Meter sichtbar sein, da der Baum in die drei Meter tiefe Bodenh\u00fclse versenkt wird.<\/p>\n\n\n\n<p>Am Samstag, dem 11. November wird der Weihnachtsbaum f\u00fcr den diesj\u00e4hrigen Chemnitzer Weihnachtsmarkt auf dem Marktplatz angeliefert, hie\u00df es in der Presseinformation&#8230;  <\/p>\n\n\n\n<p>&#8230; und der Baum wird am Samstag von Mitarbeiter:innen der Firma Techno-Farm und Service GmbH gef\u00e4llt und w\u00e4hrend einer mehrst\u00fcndigen Fahrt auf einem Tieflader transportiert. Die Wartezeit bis zum Eintreffen des Baumes in Chemnitz kann in diesem Jahr wieder mit Gegrilltem und Gl\u00fchwein auf dem Markt verk\u00fcrzt werden, teilte die Stadt mit.<\/p>\n\n\n\n<div style=\"height:10px\" aria-hidden=\"true\" class=\"wp-block-spacer\"><\/div>\n\n\n\n<h2 class=\"wp-block-heading\">Magdeburg \u00fcberrascht mit komplizierter Netzwerk-Strategie <\/h2>\n\n\n\n<p>In Magdeburg hat man schon vor Jahren extra eine eigene Gesellschaft als Betreiber des Weihnachtsmarktes gegr\u00fcndet. Paul-Gerhard Stieger, Gesch\u00e4ftsf\u00fchrer der <strong><em>Gesellschaft zur Durchf\u00fchrung der Magdeburger Weihnachtsm\u00e4rkte mbH<\/em> <\/strong>und gleichzeitig Gesch\u00e4ftsf\u00fchrer der Magdeburg Events GmbH, die den Betrieb und die Verwaltung von Magdeburger gastronomischen Einrichtungen absichert, k\u00fcmmert sich zwischen den Weihnachtsm\u00e4rkten um andere Projekte.<br>Sandra Yvonne Stieger (CDU) , heute  Beigeordnete f\u00fcr Wirtschaft, Tourismus und regionale Zusammenarbeit in Magdeburg, war zuvor Gesch\u00e4ftsf\u00fchrerin der Magdeburg Marketing<br>Kongress und Tourismus GmbH (MMKT), die wiederum einen gro\u00dfen Anteil am wirtschaftlichen Erfolg der Weihnachtsm\u00e4rkt-GmbH haben d\u00fcrfte, Laut Paul-Gerhard Stieger entlastet die MMKT u. a. um die \u00fcberregionalen Marketingaufgaben f\u00fcr den Magdeburger Weihnachtsmarkt. Au\u00dferdem begleiten der Stadtmarketing &#8222;Pro Magdeburg&#8220; e.V. und die Magdeburger Interessengemeinschaft (IG) Innenstadt den Magdeburger Weihnachtsmart. Ein Ergebnis dieser Vernetzung ist auch die weihnachtliche Lichterwelt am Magdeburger Domplatz, die w\u00e4hrend der Corona-Einschr\u00e4nkungen an Bedeutung gewonnen hatte.<br><\/p>\n\n\n\n<figure class=\"wp-block-image size-full\"><img loading=\"lazy\" decoding=\"async\" width=\"800\" height=\"200\" src=\"https:\/\/wirtschaftspost-online.de\/wp-content\/uploads\/2023\/11\/magdebur-lichtspiele-Domplatz.jpg\" alt=\"\" class=\"wp-image-5929\" srcset=\"https:\/\/wirtschaftspost-online.de\/wp-content\/uploads\/2023\/11\/magdebur-lichtspiele-Domplatz.jpg 800w, https:\/\/wirtschaftspost-online.de\/wp-content\/uploads\/2023\/11\/magdebur-lichtspiele-Domplatz-300x75.jpg 300w, https:\/\/wirtschaftspost-online.de\/wp-content\/uploads\/2023\/11\/magdebur-lichtspiele-Domplatz-768x192.jpg 768w, https:\/\/wirtschaftspost-online.de\/wp-content\/uploads\/2023\/11\/magdebur-lichtspiele-Domplatz-650x163.jpg 650w\" sizes=\"auto, (max-width: 800px) 100vw, 800px\" \/><figcaption class=\"wp-element-caption\">Magdeburg will auf seine weihnachtlichen Lichtspiele am Domplatz nur ungern verzichten. Aber Energiekrise und Haushaltsperre k\u00f6ntten die Corona-L\u00f6sung aufs Spiel setzen.<\/figcaption><\/figure>\n\n\n\n<p>Angesichts der Energiekrise wurde schon im lezten Jahr die Debatte um Energieeinsparungen gef\u00fchrt, w\u00e4hrend 2023 die gerade erst verk\u00fcndete Haushaltsperre der Landeshauptstadt Magdeburg die direkte und indirekte Finanzierung des Magdeburger Weihnachtsmarktes einschr\u00e4nken k\u00f6nnte.<br>Sicher wird sich die Magdeburger Weihnachtsmarktgesellschaft auch in diesem Jahr wieder verst\u00e4rkt auf ihre Einnahmen konzentrieren k\u00f6nnen. Das werden auch die H\u00e4ndler und Gastronomen zu sp\u00fcren bekommen,  so dass nicht nur der Kartoffelpuffer- und Gl\u00fchweinpreis 2023 wieder steigen werden. Vielleicht ein Grund, um nach Chemnitz, Dresden oder Jena zu  fahren?<br>Wir sind bereits dabei, mit mitteldeutschen Kommunen zu kl\u00e4ren, welche Stadt ein Interesse hat, die Freunde der WIRTSCHAFTSPOST in Form einer <strong>Unternehmer-Leserreise<\/strong> zu einem Weihnachtsmarktbesuch einzuladen.<\/p>\n\n\n\n<div style=\"height:10px\" aria-hidden=\"true\" class=\"wp-block-spacer\"><\/div>\n\n\n\n<h2 class=\"wp-block-heading\">Dresden hat Altstadtmarkt f\u00fcr barrierefreies Weihnachtsmarktspektakel saniert \/WLAN f\u00fcr Marktbuden eingerichtet<\/h2>\n\n\n\n<p><strong>Dresden, 3. November 2023, Amt f\u00fcr Presse-, \u00d6ffentlichkeitsarbeit und Protokoll: <\/strong>Seit April 2022 hat die Stadt Dresden den Altmarkt saniert. Nun sind die Arbeiten planm\u00e4\u00dfig abgeschlossen und die erste Nutzung steht schon am Start: <strong>der Dresdner Striezelmarkt<\/strong>.<br>Grund f\u00fcr die Sanierung waren ein teilweise marodes, unterdimensioniertes Leitungsnetz unter dem Pflaster. Es entsprach nicht mehr den modernen Anforderungen f\u00fcr Veranstaltungen und M\u00e4rkte heute. Wichtiger Grund aber war die fehlende Barrierefreiheit des Platzes. Das Gro\u00dfpflaster wurde gegen geschnittenes Pflaster ausgetauscht. Das k\u00f6nnen mobilit\u00e4tseingeschr\u00e4nkte Personen mit Rollst\u00fchlen sowie mit Kinderwagen gut befahren, weil es eine ebene Oberfl\u00e4che hat.<\/p>\n\n\n\n<figure class=\"wp-block-image size-large\"><img loading=\"lazy\" decoding=\"async\" width=\"1024\" height=\"682\" src=\"https:\/\/wirtschaftspost-online.de\/wp-content\/uploads\/2023\/11\/Dresdner-Striezelmarkt-1024x682.jpg\" alt=\"\" class=\"wp-image-5930\" srcset=\"https:\/\/wirtschaftspost-online.de\/wp-content\/uploads\/2023\/11\/Dresdner-Striezelmarkt-1024x682.jpg 1024w, https:\/\/wirtschaftspost-online.de\/wp-content\/uploads\/2023\/11\/Dresdner-Striezelmarkt-300x200.jpg 300w, https:\/\/wirtschaftspost-online.de\/wp-content\/uploads\/2023\/11\/Dresdner-Striezelmarkt-768x512.jpg 768w, https:\/\/wirtschaftspost-online.de\/wp-content\/uploads\/2023\/11\/Dresdner-Striezelmarkt-650x433.jpg 650w, https:\/\/wirtschaftspost-online.de\/wp-content\/uploads\/2023\/11\/Dresdner-Striezelmarkt.jpg 1100w\" sizes=\"auto, (max-width: 1024px) 100vw, 1024px\" \/><figcaption class=\"wp-element-caption\">Dresdner Strietzelmarkt (Archivfoto) , Quelle: www.zu-gast-in-dresden.de<\/figcaption><\/figure>\n\n\n\n<p>Bei den Pflastersteinen und der Art der Pflasterung wurde auf sehr hohe Qualit\u00e4t geachtet. Die Steine stammen u. a. aus der Lausitz, aus Portugal, Schweden und anderen Regionen Europas. Gepflastert wurde die 13.000 Quadratmeter mit insgesamt 1,3 Millionen Steinen. Das macht durchschnittlich 100 Steine pro Quadratmeter, in einem variierenden Muster aus verschiedenen Farben. Den Bauauftrag erhielt die ARGE Altmarkt, bestehend aus der Eurovia, der Strabag und Wolff-M\u00fcller. <br>Mit der Sanierung erhielt der Altmarkt ein Hightech-Veranstaltungsnetz mit kostenfreiem WLAN f\u00fcr Besucher und die M\u00f6glichkeit zur EC-Zahlung f\u00fcr Marktbuden&#8230; Der Altmarkt z\u00e4hlt mit all dieser Technik zu den modernsten Pl\u00e4tzen in Europa. Die Gesamtkosten belaufen sich auf knapp 13 Millionen Euro.<\/p>\n\n\n\n<p><strong>4. 11. 2023: Baumankunft f\u00fcr den Striezelmarkt \u2013 auf einem neu gebauten Platz<br><\/strong>Am&nbsp;<strong>Samstag<\/strong> wurde die aktuelle Striezelmarkt-Tanne im Beisein von Besuchern und Presse auf dem Dresdner Altmarkt aufgestellt. Die etwa 55 Jahre alte Colorado-Tanne wurde am fr\u00fchen Morgen in Pirna geschlagen, verladen und dann auf einem Sattelschlepper nach Dresden gefahren. Etwa gegen 11 Uhr k\u00f6nnte sie auf dem Altmarkt ankommen, abgeladen und aufgestellt werden, hie\u00df es. Ab 12.30 Uhr ist das Dresdner Stollenm\u00e4dchen vor Ort, begleitet von den Turmbl\u00e4sern der Kreuzkirche \u2013 vorweihnachtliche Stimmung f\u00fcr den Start der Feier zur Fertigstellung des Altmarktes 13 Uhr. Hier erwartete die Besucher, moderiert von Radio Dresden ein Programm mit den Happy Drummers vom Heinrich-Sch\u00fctz-Konservatorium, Gru\u00dfworten des Wirtschaftsb\u00fcrgermeisters&nbsp;<br><strong>Der Striezelmarkt wird am Mittwoch, 29. November 2023 er\u00f6ffnet.<\/strong> Informationen unter&nbsp;<a href=\"https:\/\/striezelmarkt.dresden.de\/de\/\" target=\"_blank\" rel=\"noreferrer noopener\">www.dresden.de\/striezelmarkt<\/a>.<\/p>\n\n\n\n<div style=\"height:10px\" aria-hidden=\"true\" class=\"wp-block-spacer\"><\/div>\n\n\n\n<h2 class=\"wp-block-heading\">Auch Halle\/Saale lockt Besucher an<\/h2>\n\n\n<div class=\"wp-block-image\">\n<figure class=\"alignright size-large is-resized\"><img loading=\"lazy\" decoding=\"async\" width=\"769\" height=\"1024\" src=\"https:\/\/wirtschaftspost-online.de\/wp-content\/uploads\/2023\/11\/HALLE-Weihnachtsmarkt-2019-h_aecbf425e4-769x1024.jpg\" alt=\"\" class=\"wp-image-5932\" style=\"aspect-ratio:0.7509765625;width:296px;height:auto\" srcset=\"https:\/\/wirtschaftspost-online.de\/wp-content\/uploads\/2023\/11\/HALLE-Weihnachtsmarkt-2019-h_aecbf425e4-769x1024.jpg 769w, https:\/\/wirtschaftspost-online.de\/wp-content\/uploads\/2023\/11\/HALLE-Weihnachtsmarkt-2019-h_aecbf425e4-225x300.jpg 225w, https:\/\/wirtschaftspost-online.de\/wp-content\/uploads\/2023\/11\/HALLE-Weihnachtsmarkt-2019-h_aecbf425e4-768x1023.jpg 768w, https:\/\/wirtschaftspost-online.de\/wp-content\/uploads\/2023\/11\/HALLE-Weihnachtsmarkt-2019-h_aecbf425e4-650x866.jpg 650w, https:\/\/wirtschaftspost-online.de\/wp-content\/uploads\/2023\/11\/HALLE-Weihnachtsmarkt-2019-h_aecbf425e4-300x399.jpg 300w, https:\/\/wirtschaftspost-online.de\/wp-content\/uploads\/2023\/11\/HALLE-Weihnachtsmarkt-2019-h_aecbf425e4.jpg 799w\" sizes=\"auto, (max-width: 769px) 100vw, 769px\" \/><figcaption class=\"wp-element-caption\">Quelle: www.halle.de\/kultur-tourismus<\/figcaption><\/figure><\/div>\n\n\n<p>In den Wochen vor Weihnachten (Dienstag nach Totensonntag bis 23. Dezember) lockt der Hallesche Weihnachtsmarkt in die geschichtstr\u00e4chtige Altstadt. Wer sich nicht zwischen Magdeburg, Dresden uns Chemnitz entscheiden kann, k\u00f6nnte im Advent an die Saale fahren.<\/p>\n\n\n\n<p>Auf dem Marktplatz und dem Vorplatz der Konzerthalle Ulrichskirche beteiligen sich rund 95 Gesch\u00e4fte. Dazu geh\u00f6ren St\u00e4nde mit weihnachtlichem Kunsthandwerk, S\u00fc\u00dfwaren, Getr\u00e4nken, Imbissgesch\u00e4fte und Kinderfahrgesch\u00e4fte. Erg\u00e4nzt wird das Angebot durch St\u00e4nde des Wochenmarktes. Durch gute Erfahrungen im vergangenen Jahr werden auch wieder der Domplatz und der Hallmarkt durch dritte Veranstalter bespielt.<\/p>\n\n\n\n<p><strong>Hallescher Weihnachtsmarkt 2023: 28. November bis 23. Dezember<\/strong>:<br><a href=\"https:\/\/halle365.de\/weihnachtsmarkt\" target=\"_blank\" rel=\"noreferrer noopener\">weihnachtliches Programm im Veranstaltungskalender<\/a><\/p>\n\n\n\n<p>Ebenfalls in guter Tradition schlie\u00dft sich der Wintermarkt der Citygemeinschaft ab 26. Dezember an den Weihnachtsmarkt an.<\/p>\n\n\n\n<div style=\"height:10px\" aria-hidden=\"true\" class=\"wp-block-spacer\"><\/div>\n\n\n\n<h2 class=\"wp-block-heading\">Leipzig strebt nach Kontinuit\u00e4t auf auf hohem Niveau<\/h2>\n\n\n\n<p>&#8222;Es wird in Leipzig explizit nicht nach einem kurzfristigen \u201eH\u00f6her, Schneller, Weiter\u201c gestrebt, schreibt uns Dr. Sebastian Fink vom Referat Kommunikation in Leipzig. Ziel sei es, einen sch\u00f6nen harmonischen Weihnachtsmarkt durchzuf\u00fchren, der von den Leipzigern, aber auch Touristen sehr gesch\u00e4tzt und gern auch mehrfach besucht und weiterempfohlen wird \u2013 aber auch f\u00fcr die H\u00e4ndler\/Teilnehmer ein lohnendes Projekt bleibt. <\/p>\n\n\n\n<p>Die Stadt Leipzig \u2013 das Marktamt ist hier der Gesamtveranstalter des Leipziger Weihnachtsmarktes in der Innenstadt und knapp die H\u00e4lfte der H\u00e4ndler\/St\u00e4nde werden durch diese direkt betreut: Die restlichen Fl\u00e4chen\/St\u00e4nde \u00fcber Vertragspartner.<br>Diese sind:<\/p>\n\n\n\n<ul class=\"wp-block-list\">\n<li>K\u00e4the Wohlfahrt KG \u2013 Marktplatz<\/li>\n\n\n\n<li>Kalevala Spirit GmbH \u2013 Finnisches Dorf<\/li>\n\n\n\n<li>Heureka Leipzig \u2013 Mittelaltermarkt<\/li>\n\n\n\n<li>Brennerei Kapaurer \u2013 S\u00fcdtiroler Dorf<\/li>\n<\/ul>\n\n\n\n<p>Die M\u00e4rkte des Marktamtes sind innerhalb des Zeitraumes der g\u00fcltigen Marktsatzung kostendeckend zu kalkulieren. Als geb\u00fchrenfinanzierte, freiwillige, st\u00e4dtische Aufgabe darf dies nicht mit Gewinnerzielungsabsicht erfolgen, erfuren wir von der STadt Leipzig. Jedoch seien die  Vertragspartner wirtschaftlich am Markt t\u00e4tige Unternehmen. Diese sind nicht verpflichtet, der Stadt ihre Kalkulation offenzulegen.<\/p>\n\n\n\n<p><\/p>\n\n\n\n<h2 class=\"wp-block-heading\">Auch der Weihnachtsbaum in Jena steht<\/h2>\n\n\n\n<p>14. 11. 2023: Die 18 Meter hohe stolze Fichte mitten auf dem Jenaer Marktplatz k\u00fcndigt es an: Der Aufbau hat begonnen, der Jenaer Weihnachtsmarkt \u00f6ffnet ganz bald seine Pforten. Mit dem Anschnitt des Riesenstollens durch den OB Dr. Thomas Nitzsche ist es dann am 24. November endlich so weit. Bis zum 22. Dezember erwartet die Besucher:innen auf einem der \u00e4ltesten Weihnachtsm\u00e4rkte seiner Art wieder eine Mischung aus Tradition, Genuss und festlicher Weihnachtsstimmung \u2013 mitten im Herzen Jenas.<\/p>\n\n\n\n<figure class=\"wp-block-image size-large\"><img loading=\"lazy\" decoding=\"async\" width=\"1024\" height=\"682\" src=\"https:\/\/wirtschaftspost-online.de\/wp-content\/uploads\/2023\/11\/Jenaer_Weihnachtsmarkt1\u00a9JenaKultur_CWorsch-1024x682.jpg\" alt=\"\" class=\"wp-image-5990\" srcset=\"https:\/\/wirtschaftspost-online.de\/wp-content\/uploads\/2023\/11\/Jenaer_Weihnachtsmarkt1\u00a9JenaKultur_CWorsch-1024x682.jpg 1024w, https:\/\/wirtschaftspost-online.de\/wp-content\/uploads\/2023\/11\/Jenaer_Weihnachtsmarkt1\u00a9JenaKultur_CWorsch-300x200.jpg 300w, https:\/\/wirtschaftspost-online.de\/wp-content\/uploads\/2023\/11\/Jenaer_Weihnachtsmarkt1\u00a9JenaKultur_CWorsch-768x511.jpg 768w, https:\/\/wirtschaftspost-online.de\/wp-content\/uploads\/2023\/11\/Jenaer_Weihnachtsmarkt1\u00a9JenaKultur_CWorsch-1536x1022.jpg 1536w, https:\/\/wirtschaftspost-online.de\/wp-content\/uploads\/2023\/11\/Jenaer_Weihnachtsmarkt1\u00a9JenaKultur_CWorsch-2048x1363.jpg 2048w, https:\/\/wirtschaftspost-online.de\/wp-content\/uploads\/2023\/11\/Jenaer_Weihnachtsmarkt1\u00a9JenaKultur_CWorsch-650x433.jpg 650w, https:\/\/wirtschaftspost-online.de\/wp-content\/uploads\/2023\/11\/Jenaer_Weihnachtsmarkt1\u00a9JenaKultur_CWorsch-1320x879.jpg 1320w\" sizes=\"auto, (max-width: 1024px) 100vw, 1024px\" \/><figcaption class=\"wp-element-caption\">Jenaer Weihnachtsmarkt \u00a9JenaKultur_CWorsch<\/figcaption><\/figure>\n\n\n\n<p>Antje Jurdzinski, <em>Team Managerin Marketing<\/em> der Stadt Jena, informierte uns \u00fcber folgende Hintergr\u00fcnde zum Weihnachtsmarkt Jena: Betreiber des Jenaer Weihnachtsmarktes ist JenaKultur, ein Eigenbetrieb der Stadt Jena. Die Kalkulationsgrundlage ist die Entgeltordnung zur Marktsatzung. <br><strong>Das Besondere<\/strong> an der Jenaer Konstruktion ist sicher das Handling durch den Eigenbetrieb, der f\u00fcr Kultur, Tourismus und Marketing zust\u00e4ndig, und 100% Tochter der Lichtstadt Jena, aber eben eigenst\u00e4ndig und damit flexibel, ist.<br>Der Jenaer Weihnachtsmarkt ist zudem mehr als 200&nbsp; Jahre alt und damit einer der \u00e4ltesten seiner Art. Etwas ganz Besonderes ist das traditionelle Turmblasen vom historischen Rathausturm. T\u00e4glich um 17 Uhr erklingen so weihnachtliche Lieder, live gespielt vom Blasmusikverein Carl Zeiss Jena e. V. \u2013 und das inzwischen im 50. Jahr! Auch die gro\u00dfe \u2013 vielleicht sogar gr\u00f6\u00dfte Th\u00fcringens \u2013 Weihnachtspyramide auf dem weihnachtlichen Rummel ist ein Highlight.<br> <\/p>\n\n\n\n<h2 class=\"wp-block-heading\">Unser Verdacht: Nicht nur die gro\u00dfen Weihnachtsm\u00e4rkte haben Charme<\/h2>\n\n\n\n<p>Wir vermuten, <mark style=\"background-color:rgba(0, 0, 0, 0);color:1b8be0\" class=\"has-inline-color\">dass nicht nur die gro\u00dfen und kleinen Weihnachtsm\u00e4rkte der mitteldeutschen gro\u00dfen St\u00e4dte  einen Besuch Wert sind und wirtschaftlich arbeiten m\u00fcssen. <\/mark>Deshalb haben wir uns entschieden, auch kleinere Kreisst\u00e4dte, Gemeinden und Landkreise aus Mitteldeutschland anzufragen, was Sie f\u00fcr ihre Weihnachtsmarktbesucher zu bieten haben. Die Ergebnisse stellen wir auf diese Seite oder auf gesonderte WIPO-Seiten der Kommunen in unsere <strong><em><a href=\"https:\/\/wirtschaftspost-online.de\/?page_id=87\" title=\"\">NEWSBOX<\/a><\/em><\/strong>.<\/p>\n\n\n\n<p>In den einigen St\u00e4dten gibt es auch kleinere Weihnachtsmarktinseln. Und wie die St\u00e4dtischen Werke in Magdeburg haben sich sogar Unternehmen f\u00fcr einen eigenen Weihnachtsmarkt entschieden.<\/p>\n\n\n\n<figure class=\"wp-block-image size-full\"><img loading=\"lazy\" decoding=\"async\" width=\"992\" height=\"686\" src=\"https:\/\/wirtschaftspost-online.de\/wp-content\/uploads\/2023\/11\/swm-weihnachtsmarkt-2023-zugeschnitten.jpg\" alt=\"\" class=\"wp-image-5968\" srcset=\"https:\/\/wirtschaftspost-online.de\/wp-content\/uploads\/2023\/11\/swm-weihnachtsmarkt-2023-zugeschnitten.jpg 992w, https:\/\/wirtschaftspost-online.de\/wp-content\/uploads\/2023\/11\/swm-weihnachtsmarkt-2023-zugeschnitten-300x207.jpg 300w, https:\/\/wirtschaftspost-online.de\/wp-content\/uploads\/2023\/11\/swm-weihnachtsmarkt-2023-zugeschnitten-768x531.jpg 768w, https:\/\/wirtschaftspost-online.de\/wp-content\/uploads\/2023\/11\/swm-weihnachtsmarkt-2023-zugeschnitten-650x449.jpg 650w\" sizes=\"auto, (max-width: 992px) 100vw, 992px\" \/><\/figure>\n\n\n\n<p>Selbst die artHOTEL Magdeburg GmbH im Magdeburger Hundertwasserhaus hat einen beschaulichen WINTERZAUBER-Markt eingerichtet, auf dem sich nicht nur die Mitarbeiterinnen und Mitarbeiter der benachbarten Investitionsbank mit Ihren Gesch\u00e4ftspartnern treffen.<\/p>\n\n\n\n<figure class=\"wp-block-image size-full\"><img loading=\"lazy\" decoding=\"async\" width=\"1024\" height=\"643\" src=\"https:\/\/wirtschaftspost-online.de\/wp-content\/uploads\/2023\/11\/Winterzauber_in_Gold_2018_021_Foto_Andreas_Lander.jpg\" alt=\"\" class=\"wp-image-5969\" srcset=\"https:\/\/wirtschaftspost-online.de\/wp-content\/uploads\/2023\/11\/Winterzauber_in_Gold_2018_021_Foto_Andreas_Lander.jpg 1024w, https:\/\/wirtschaftspost-online.de\/wp-content\/uploads\/2023\/11\/Winterzauber_in_Gold_2018_021_Foto_Andreas_Lander-300x188.jpg 300w, https:\/\/wirtschaftspost-online.de\/wp-content\/uploads\/2023\/11\/Winterzauber_in_Gold_2018_021_Foto_Andreas_Lander-768x482.jpg 768w, https:\/\/wirtschaftspost-online.de\/wp-content\/uploads\/2023\/11\/Winterzauber_in_Gold_2018_021_Foto_Andreas_Lander-650x408.jpg 650w\" sizes=\"auto, (max-width: 1024px) 100vw, 1024px\" \/><figcaption class=\"wp-element-caption\">\u00a9 www.AndreasLander.de<\/figcaption><\/figure>\n\n\n\n<p>Schauen Sie doch mal vorbei \u2013 vor Ort oder im Netz: <strong><em><a href=\"http:\/\/www.winterzauber-in-gold.de\" target=\"_blank\" rel=\"noopener\" title=\"\">www.winterzauber-in-gold.de<\/a><\/em><\/strong><\/p>\n\n\n\n<div style=\"height:10px\" aria-hidden=\"true\" class=\"wp-block-spacer\"><\/div>\n\n\n\n<h2 class=\"wp-block-heading\">Unser Vorschlag f\u00fcr eine medienwirksame Zusammenarbeit mit den Kommunen:<\/h2>\n\n\n\n<p class=\"has-black-color has-text-color has-link-color wp-elements-c092798fcef38259784ef5a2e3895687\">Bitte fragen Sie uns nach unserem <mark style=\"background-color:rgba(0, 0, 0, 0);color:#00571c\" class=\"has-inline-color\"><strong>WIRTSCHAFTSPOST-Crossmedia-Angebot<\/strong><\/mark><br>(Anzeigenwerbung in einer Zeitung od. Zeitschrift in Ihrer Wahl \u2013 Verlinkung auf Ihre<br>umfangreiche Ver\u00f6ffentlichung in der WIRTSCHAFTSPOST \u2013 nicht nur zum Thema Weihnachtsm\u00e4rkte)!<\/p>\n","protected":false},"excerpt":{"rendered":"<p>Weihnachten, Weihnachten steht vor der T\u00fcr, ist das nicht wunderbar? Ja. Ihre WIRTSCHAFTSPOST wird in den n\u00e4chsten Wochen alle Informationen \u00fcber die Weihnachtsm\u00e4rkte in Mitteldeutschland wie ein Schwamm aufsaugen, weil wir wissen, dass Sie das interessiert. So k\u00f6nnen Sie, liebe <a class=\"more-link\" href=\"https:\/\/wirtschaftspost-online.de\/?p=5925\">[ . . . ]<\/a><\/p>\n","protected":false},"author":4,"featured_media":0,"comment_status":"closed","ping_status":"closed","sticky":false,"template":"","format":"standard","meta":{"footnotes":""},"categories":[1],"tags":[],"class_list":["post-5925","post","type-post","status-publish","format-standard","hentry","category-allgemein"],"aioseo_notices":[],"_links":{"self":[{"href":"https:\/\/wirtschaftspost-online.de\/index.php?rest_route=\/wp\/v2\/posts\/5925","targetHints":{"allow":["GET"]}}],"collection":[{"href":"https:\/\/wirtschaftspost-online.de\/index.php?rest_route=\/wp\/v2\/posts"}],"about":[{"href":"https:\/\/wirtschaftspost-online.de\/index.php?rest_route=\/wp\/v2\/types\/post"}],"author":[{"embeddable":true,"href":"https:\/\/wirtschaftspost-online.de\/index.php?rest_route=\/wp\/v2\/users\/4"}],"replies":[{"embeddable":true,"href":"https:\/\/wirtschaftspost-online.de\/index.php?rest_route=%2Fwp%2Fv2%2Fcomments&post=5925"}],"version-history":[{"count":23,"href":"https:\/\/wirtschaftspost-online.de\/index.php?rest_route=\/wp\/v2\/posts\/5925\/revisions"}],"predecessor-version":[{"id":6071,"href":"https:\/\/wirtschaftspost-online.de\/index.php?rest_route=\/wp\/v2\/posts\/5925\/revisions\/6071"}],"wp:attachment":[{"href":"https:\/\/wirtschaftspost-online.de\/index.php?rest_route=%2Fwp%2Fv2%2Fmedia&parent=5925"}],"wp:term":[{"taxonomy":"category","embeddable":true,"href":"https:\/\/wirtschaftspost-online.de\/index.php?rest_route=%2Fwp%2Fv2%2Fcategories&post=5925"},{"taxonomy":"post_tag","embeddable":true,"href":"https:\/\/wirtschaftspost-online.de\/index.php?rest_route=%2Fwp%2Fv2%2Ftags&post=5925"}],"curies":[{"name":"wp","href":"https:\/\/api.w.org\/{rel}","templated":true}]}}