{"id":5953,"date":"2023-11-10T07:24:25","date_gmt":"2023-11-10T06:24:25","guid":{"rendered":"https:\/\/wirtschaftspost-online.de\/?p=5953"},"modified":"2023-11-10T07:48:38","modified_gmt":"2023-11-10T06:48:38","slug":"die-nationalen-naturlandschaften-mit-fachexpertise-und-zusammenarbeit-herausforderungen-begegnen","status":"publish","type":"post","link":"https:\/\/wirtschaftspost-online.de\/?p=5953","title":{"rendered":"Die Nationalen Naturlandschaften: Mit Fachexpertise und Zusammenarbeit Herausforderungen begegnen"},"content":{"rendered":"\n<p><strong>Berlin\/Oebisfelde, den 09. November 2023. Der Dachverband Nationale Naturlandschaften e. V. zeigte auf der diesj\u00e4hrigen Mitgliederversammlung den hohen Wert professionellen Freiwilligenmanagements f\u00fcr die Arbeit der Schutzgebiete auf.<\/strong><\/p>\n\n\n\n<p>F\u00fcr das Jahrestreffen 2023 des Dachverbandes Nationale Naturlandschaften e. V. bot das frisch von der UNESCO anerkannte Biosph\u00e4renreservat Dr\u00f6mling vielfach anregende Tagungsbedingungen. Der Einladung folgten rund 70 Teilnehmende, darunter Leiter<em>innen der deutschen Nationalparke, Biosph\u00e4renreservate und Wildnisgebiete sowie Vertreter<\/em>innen von Stiftungen und weiteren Naturschutzorganisationen. Sie widmeten sich hier neben allgemeinen gebiets\u00fcbergreifenden Themen der Gro\u00dfschutzgebiete und Vereinsaktivit\u00e4ten dem professionellen Management von Freiwilligen. Das Jubil\u00e4um des verbandseigenen Freiwilligenprogramms \u201e20 Jahre Ehrensache Natur\u201c gab feierlichen Anlass dazu.<br>Die Mitgliederversammlung zeigte aufs Neue, wie sich die Nationalen Naturlandschaften den vielf\u00e4ltigen aktuellen Herausforderungen stellen. So bearbeiten die Schutzgebiete bspw. Auswirkungen der Klimakrise, den Verlust von Arten und Biotopen, die touristische \u00dcbernutzung sensibler Lebensr\u00e4ume und unzureichendes Verst\u00e4ndnis f\u00fcr Naturschutzanliegen in der Bev\u00f6lkerung praxisorientiert in diversen Arbeitsgruppen und gemeinsamen Projekten. Die Fachexpertise der Mitglieder u. a. in Aspekten wie Forschung, Bildung, Schutz nat\u00fcrlicher Dynamik, Renaturierung, nachhaltige Landnutzung und naturschonender Tourismus konnte auf der Versammlung in Fachdiskussionen und auf Exkursionen im Biosph\u00e4renreservat Dr\u00f6mling ausgetauscht und weiterentwickelt werden.<\/p>\n\n\n\n<p>Mit dem Fachthema \u201e20 Jahre Ehrensache Natur\u201c kam die Bedeutung professionellen Freiwilligenmanagements f\u00fcr den Erfolg der Nationalen Naturlandschaften besonders zur Geltung. Seit 2003 schaffen die Nationalparke, Naturparke und Biosph\u00e4renreservate mit ihren Dachverb\u00e4nden Nationale Naturlandschaften e. V. und Verband Deutscher Naturparke e. V. f\u00f6rderliche Strukturen, damit sich B\u00fcrger<em>innen in vielf\u00e4ltigen Projekten engagieren k\u00f6nnen. Die j\u00e4hrlich mehr als 3.000 Freiwilligen \u2013 Jung und Alt \u2013 unterst\u00fctzen hauptamtliches Parkpersonal, indem sie beispielsweise Streuobstwiesen pflegen, Orchideenwiesen m\u00e4hen, Wander- und Erlebniswege oder Markierungen erneuern, Bachl\u00e4ufe reinigen, Zugv\u00f6gel z\u00e4hlen, G\u00e4ste informieren, Fotoarchive erg\u00e4nzen oder Texte in Fremdsprachen \u00fcbersetzen. \u201eAttraktive Bedingungen f\u00fcr dieses gesellschaftliche Engagement zu bieten, ist unser wichtiger Anspruch in den Schutzgebietsverwaltungen\u201c, so Peter S\u00fcdbeck, Vorstandsvorsitzender von Nationale Naturlandschaften e. V. und Leiter des Nationalparks Nieders\u00e4chsisches Wattenmeer. Eine zentrale Bedeutung f\u00fcr den Erfolg von \u201eEhrensache Natur\u201c haben u. a. die eigens qualifizierten Freiwilligenkoordinator<\/em>innen in den Schutzgebietsverwaltungen. F\u00fcr Fred Braumann, Leiter des Biosph\u00e4renreservates Dr\u00f6mling, gilt das Selbstverst\u00e4ndnis: \u201eUnser Biosph\u00e4renreservat entwickelt sich erfolgreich durch die enge und vertrauensvolle Verbindung zwischen Verwaltung, regionalen Institutionen und freiwillig Engagierten, die uns praktisch aber auch als wichtige Botschafter*innen unterst\u00fctzen.\u201c Das Biosph\u00e4renreservat konnte seine Qualit\u00e4ten und Vorreiterrolle im Freiwilligenmanagement im bundesweiten Kontext bereits vielfach beweisen und weitere Nationale Naturlandschaften zur Nachahmung anregen. Besonders erfolgreich und vorbildlich sind die inklusiven Naturschutzeins\u00e4tze von Menschen mit und ohne Einschr\u00e4nkungen unter dem Motto \u201eungehindert engagiert\u201c.<\/p>\n\n\n\n<figure class=\"wp-block-image size-large\"><img loading=\"lazy\" decoding=\"async\" width=\"1024\" height=\"768\" src=\"https:\/\/wirtschaftspost-online.de\/wp-content\/uploads\/2023\/11\/2023-11-08_Exkursion-2_SabineWieter-1024x768.jpg\" alt=\"\" class=\"wp-image-5955\" srcset=\"https:\/\/wirtschaftspost-online.de\/wp-content\/uploads\/2023\/11\/2023-11-08_Exkursion-2_SabineWieter-1024x768.jpg 1024w, https:\/\/wirtschaftspost-online.de\/wp-content\/uploads\/2023\/11\/2023-11-08_Exkursion-2_SabineWieter-300x225.jpg 300w, https:\/\/wirtschaftspost-online.de\/wp-content\/uploads\/2023\/11\/2023-11-08_Exkursion-2_SabineWieter-768x576.jpg 768w, https:\/\/wirtschaftspost-online.de\/wp-content\/uploads\/2023\/11\/2023-11-08_Exkursion-2_SabineWieter-1536x1152.jpg 1536w, https:\/\/wirtschaftspost-online.de\/wp-content\/uploads\/2023\/11\/2023-11-08_Exkursion-2_SabineWieter-650x488.jpg 650w, https:\/\/wirtschaftspost-online.de\/wp-content\/uploads\/2023\/11\/2023-11-08_Exkursion-2_SabineWieter-261x196.jpg 261w, https:\/\/wirtschaftspost-online.de\/wp-content\/uploads\/2023\/11\/2023-11-08_Exkursion-2_SabineWieter-540x406.jpg 540w, https:\/\/wirtschaftspost-online.de\/wp-content\/uploads\/2023\/11\/2023-11-08_Exkursion-2_SabineWieter-1320x990.jpg 1320w, https:\/\/wirtschaftspost-online.de\/wp-content\/uploads\/2023\/11\/2023-11-08_Exkursion-2_SabineWieter.jpg 2000w\" sizes=\"auto, (max-width: 1024px) 100vw, 1024px\" \/><figcaption class=\"wp-element-caption\">Eindruck von der Exkursion, Bildquelle: Sabine Wieter, Biosph\u00e4renreservat Dr\u00f6mling<\/figcaption><\/figure>\n\n\n\n<h2 class=\"wp-block-heading\">\u00dcber das B\u00fcndnis Nationale Naturlandschaften<\/h2>\n\n\n\n<p>Die Nationalen Naturlandschaften (NNL) sind das B\u00fcndnis der deutschen Nationalparke, Naturparke, Biosph\u00e4renreservate und Wildnisgebiete. Gemeinsam mit den Menschen bewahren sie auf rund einem Drittel der Fl\u00e4che Deutschlands faszinierende Natur, vermitteln Freude beim Erleben der Natur und gestalten die Zukunft mit Zuversicht nachhaltig. Tr\u00e4ger der Dachmarke \u201eNationale Naturlandschaften\u201c sind die Verb\u00e4nde Nationale Naturlandschaften e. V. und Verband Deutscher Naturparke e. V.<\/p>\n\n\n\n<p>Mehr unter <a href=\"http:\/\/www.nationale-naturlandschaften.de\" target=\"_blank\" rel=\"noopener\" title=\"\"><strong><em>www.nationale-naturlandschaft<\/em><\/strong><\/a><strong><em><a href=\"http:\/\/www.nationale-naturlandschaften.de\" target=\"_blank\" rel=\"noopener nofollow\" title=\"\">en.de<\/a><\/em><\/strong><\/p>\n\n\n\n<p><\/p>\n\n\n\n<p><\/p>\n\n\n\n<p><strong>Anmerkung der Redaktion:<\/strong><br>Wir haben dar\u00fcber nachgedacht, was Naturlandschaften und die Wirtschaft miteinander verbindet. Nat\u00fcrlich sind Naturschutzlandschaften auch touristische Ziele. Und Tourismus ist ein ernstzunehmender Wirtschaftszweig.<br>Au\u00dferdem m\u00fcssen auch Naturschutzvereine und -verb\u00e4nde wirtschaftlich arbeiten, wenn sie Ihrei anspruchsvollen Ziele erreichen wollen. Dazu k\u00f6nnen auch Kooperationen mit der Wirtschaft beitragen. So gibt es auch Unternehmen, die gezielt einen Bezug zu den Naturschutzlandschaften herstellen und mit den Iniatoren gemeinsam agieren. Nur ein Beispiel: das Umweltpraktikum der Commerzbank<\/p>\n\n\n\n<figure class=\"wp-block-image size-full\"><img loading=\"lazy\" decoding=\"async\" width=\"1024\" height=\"314\" src=\"https:\/\/wirtschaftspost-online.de\/wp-content\/uploads\/2023\/11\/commerzbank-umweltpraktikum.jpg\" alt=\"\" class=\"wp-image-5957\" srcset=\"https:\/\/wirtschaftspost-online.de\/wp-content\/uploads\/2023\/11\/commerzbank-umweltpraktikum.jpg 1024w, https:\/\/wirtschaftspost-online.de\/wp-content\/uploads\/2023\/11\/commerzbank-umweltpraktikum-300x92.jpg 300w, https:\/\/wirtschaftspost-online.de\/wp-content\/uploads\/2023\/11\/commerzbank-umweltpraktikum-768x236.jpg 768w, https:\/\/wirtschaftspost-online.de\/wp-content\/uploads\/2023\/11\/commerzbank-umweltpraktikum-650x199.jpg 650w\" sizes=\"auto, (max-width: 1024px) 100vw, 1024px\" \/><\/figure>\n\n\n\n<p><a href=\"https:\/\/nationale-naturlandschaften.de\/commerzbank-umweltpraktikum\" target=\"_blank\" rel=\"noopener\" title=\"\">https:\/\/nationale-naturlandschaften.de\/commerzbank-umweltpraktikum<\/a><br><br>Auch die erfolgreiche Organisation von Veranstaltungen wie des dreit\u00e4gige Dr\u00f6mlingfestes im September in Brome (<a href=\"https:\/\/wirtschaftspost-online.de\/?p=5663\" target=\"_blank\" rel=\"noopener\" title=\"\">https:\/\/wirtschaftspost-online.de\/?p=5663<\/a>) und eine professionelle Medienarbeit geh\u00f6ren zu den Aufgabengebieten der Initiatoren aus der Naturschutzszene. <\/p>\n","protected":false},"excerpt":{"rendered":"<p>Berlin\/Oebisfelde, den 09. November 2023. Der Dachverband Nationale Naturlandschaften e. V. zeigte auf der diesj\u00e4hrigen Mitgliederversammlung den hohen Wert professionellen Freiwilligenmanagements f\u00fcr die Arbeit der Schutzgebiete auf. F\u00fcr das Jahrestreffen 2023 des Dachverbandes Nationale Naturlandschaften e. V. bot das frisch <a class=\"more-link\" href=\"https:\/\/wirtschaftspost-online.de\/?p=5953\">[ . . . ]<\/a><\/p>\n","protected":false},"author":4,"featured_media":0,"comment_status":"closed","ping_status":"closed","sticky":false,"template":"","format":"standard","meta":{"footnotes":""},"categories":[1],"tags":[],"class_list":["post-5953","post","type-post","status-publish","format-standard","hentry","category-allgemein"],"aioseo_notices":[],"_links":{"self":[{"href":"https:\/\/wirtschaftspost-online.de\/index.php?rest_route=\/wp\/v2\/posts\/5953","targetHints":{"allow":["GET"]}}],"collection":[{"href":"https:\/\/wirtschaftspost-online.de\/index.php?rest_route=\/wp\/v2\/posts"}],"about":[{"href":"https:\/\/wirtschaftspost-online.de\/index.php?rest_route=\/wp\/v2\/types\/post"}],"author":[{"embeddable":true,"href":"https:\/\/wirtschaftspost-online.de\/index.php?rest_route=\/wp\/v2\/users\/4"}],"replies":[{"embeddable":true,"href":"https:\/\/wirtschaftspost-online.de\/index.php?rest_route=%2Fwp%2Fv2%2Fcomments&post=5953"}],"version-history":[{"count":6,"href":"https:\/\/wirtschaftspost-online.de\/index.php?rest_route=\/wp\/v2\/posts\/5953\/revisions"}],"predecessor-version":[{"id":5963,"href":"https:\/\/wirtschaftspost-online.de\/index.php?rest_route=\/wp\/v2\/posts\/5953\/revisions\/5963"}],"wp:attachment":[{"href":"https:\/\/wirtschaftspost-online.de\/index.php?rest_route=%2Fwp%2Fv2%2Fmedia&parent=5953"}],"wp:term":[{"taxonomy":"category","embeddable":true,"href":"https:\/\/wirtschaftspost-online.de\/index.php?rest_route=%2Fwp%2Fv2%2Fcategories&post=5953"},{"taxonomy":"post_tag","embeddable":true,"href":"https:\/\/wirtschaftspost-online.de\/index.php?rest_route=%2Fwp%2Fv2%2Ftags&post=5953"}],"curies":[{"name":"wp","href":"https:\/\/api.w.org\/{rel}","templated":true}]}}