{"id":6047,"date":"2023-11-24T15:10:30","date_gmt":"2023-11-24T14:10:30","guid":{"rendered":"https:\/\/wirtschaftspost-online.de\/?p=6047"},"modified":"2023-12-05T14:46:35","modified_gmt":"2023-12-05T13:46:35","slug":"magdeburger-umweltpreis-projekte-im-klimaschutz-durch-die-landeshauptstadt-gewuerdigt","status":"publish","type":"post","link":"https:\/\/wirtschaftspost-online.de\/?p=6047","title":{"rendered":"Magdeburger Umweltpreis: Projekte im Klimaschutz durch die Landeshauptstadt gew\u00fcrdigt"},"content":{"rendered":"<div class=\"wp-block-image\">\n<figure class=\"alignright size-full is-resized\"><img loading=\"lazy\" decoding=\"async\" width=\"513\" height=\"715\" src=\"https:\/\/wirtschaftspost-online.de\/wp-content\/uploads\/2023\/11\/698_15776_1_m.png\" alt=\"\" class=\"wp-image-6048\" style=\"width:148px;height:auto\" srcset=\"https:\/\/wirtschaftspost-online.de\/wp-content\/uploads\/2023\/11\/698_15776_1_m.png 513w, https:\/\/wirtschaftspost-online.de\/wp-content\/uploads\/2023\/11\/698_15776_1_m-215x300.png 215w, https:\/\/wirtschaftspost-online.de\/wp-content\/uploads\/2023\/11\/698_15776_1_m-300x418.png 300w\" sizes=\"auto, (max-width: 513px) 100vw, 513px\" \/><\/figure><\/div>\n\n\n<p class=\"has-black-color has-text-color has-link-color wp-elements-f0f19fad5fa61d04035912eb3702a8d0\">Im Gesellschaftshaus Magdeburg wurde am 16. November der diesj\u00e4hrige Umweltpreis der Landeshauptstadt Magdeburg an Projekte verliehen, die der Reduzierung von Treibhausgasen dienen. \u00dcberreicht wurde der mit insgesamt 12.000 Euro dotierte Preis durch die Fachbereichsleiterin f\u00fcr Bau- und Umweltrecht Andrea Scheerenberg. Insgesamt wurden bei der feierlichen Preisverleihung im Gesellschaftshaus f\u00fcnf Magdeburger Projekte ausgezeichnet. Auf Einladung der Stabsstelle Klima nahm Ihre WIRTSCHAFTSPOST an der feierlichen Preisverleihung teil. <\/p>\n\n\n\n<p class=\"has-black-color has-text-color has-link-color wp-elements-81969f23052b4a794b86916b9505b0db\">Die Landeshauptstadt Magdeburg hat sich dazu entschlossen, die Klimaneutralit\u00e4t bis zum Jahr 2035 anzustreben. Damit die zentralen Zielsetzungen einer nahezu klimaneutralen Stadt erreicht werden k\u00f6nnen, sind vielf\u00e4ltige gesellschaftliche Transformationsprozesse, innovative Ans\u00e4tze und neue Kooperationen notwendig. Nicht zuletzt bedarf es auch lokale Initiativen, Projekte und engagierter Akteur*innen aus der Magdeburger Bev\u00f6lkerung. Dar\u00fcber hinaus k\u00f6nnen auch neue Technologien mit Spar- und Innovationspotential den Klimaschutz unterst\u00fctzen.<\/p>\n\n\n\n<p class=\"has-black-color has-text-color has-link-color wp-elements-1ea87c3c6b7051c0e3b43ca14e725f24\">Die Verleihung des Magdeburger Umweltpreises f\u00fcr Projekte im Klimaschutz dient der Auszeichnung entsprechender Leistungen und wurde in den drei Kategorien Wirtschaft, Jugend und Private sowie Forschung vergeben. Die Entscheidung \u00fcber die einzelnen Preistr\u00e4ger*innen trafen ein Fachkreis zum Vorentscheid und eine Jury mit Vertreter*innen aus Wirtschaft, Bildung und Forschung.<\/p>\n\n\n\n<p class=\"has-black-color has-text-color has-link-color wp-elements-76f39604194528d7db3c5c7d35859e5a\">Der erste Preis in der Kategorie Wirtschaft ging an das Projektteam &#8222;Stelzenschlepper&#8220;, bestehend aus Teams der Otto-von-Guericke Universit\u00e4t und der Unternehmen FAG, Ematic, BIOCARE, ZPVP\/ExFa f\u00fcr die Entwicklung eines Elektrisch angetriebenen Leicht-Stelzenschleppes zur Ausbringung biologischer Pflanzenschutzmittel im Mais.<\/p>\n\n\n\n<figure class=\"wp-block-image size-large\"><img loading=\"lazy\" decoding=\"async\" width=\"1024\" height=\"683\" src=\"https:\/\/wirtschaftspost-online.de\/wp-content\/uploads\/2023\/11\/platz1-mit-biocare-1024x683.jpg\" alt=\"\" class=\"wp-image-6049\" srcset=\"https:\/\/wirtschaftspost-online.de\/wp-content\/uploads\/2023\/11\/platz1-mit-biocare-1024x683.jpg 1024w, https:\/\/wirtschaftspost-online.de\/wp-content\/uploads\/2023\/11\/platz1-mit-biocare-300x200.jpg 300w, https:\/\/wirtschaftspost-online.de\/wp-content\/uploads\/2023\/11\/platz1-mit-biocare-768x512.jpg 768w, https:\/\/wirtschaftspost-online.de\/wp-content\/uploads\/2023\/11\/platz1-mit-biocare-650x433.jpg 650w, https:\/\/wirtschaftspost-online.de\/wp-content\/uploads\/2023\/11\/platz1-mit-biocare-1320x880.jpg 1320w, https:\/\/wirtschaftspost-online.de\/wp-content\/uploads\/2023\/11\/platz1-mit-biocare.jpg 1500w\" sizes=\"auto, (max-width: 1024px) 100vw, 1024px\" \/><figcaption class=\"wp-element-caption\">Der erste Preis in der Kategorie Wirtschaft ging an das Projektteam &#8222;Stelzenschlepper. Am Rednerpult Wilhelm Beitzen-Heineke, Gesellschafter der Biocare Gesellschaft f\u00fcr biologische Schutzmittel mbH (Foto: Landeshauptstadt Magdeburg, Laura Th\u00fcmler).<\/figcaption><\/figure>\n\n\n\n<p class=\"has-black-color has-text-color has-link-color wp-elements-8e7daee6dc3855cc1bc10d285ebe21e1\">Als erster Preistr\u00e4ger in der Kategorie Jugend\/Private wurde die &#8222;bunte butze GmbH&#8220; f\u00fcr die klima- und ressourcenschonende Sanierung und Nutzung eines Bestandsgeb\u00e4udes ausgezeichnet.Den zweiten Preis erhielten die Mitarbeiter*innen des Alles-Retter-Magdeburg e.V. f\u00fcr ihr Engagement zur Vermeidung von Lebensmittelverschwendung.<br>Mit dem dritten Preis wurde die Initiative &#8222;MAGDEBURG GIESST&#8220; f\u00fcr ihr Projekt zur Baumrettung ausgezeichnet.<br>Den Sonderpreis in der Kategorie Forschung erhielten die Mitarbeiter*innen der Abteilung Prozesstechnik des Max-Planck-Institutes f\u00fcr die Entwicklung von Kern-Schale-Katalysatoren f\u00fcr den last-flexiblen Betrieb zuk\u00fcnftiger Power-to-X Prozesse.<\/p>\n\n\n\n<figure class=\"wp-block-image size-large\"><img loading=\"lazy\" decoding=\"async\" width=\"1024\" height=\"683\" src=\"https:\/\/wirtschaftspost-online.de\/wp-content\/uploads\/2023\/11\/preistraeger-gruppenbild-1024x683.jpg\" alt=\"\" class=\"wp-image-6050\" srcset=\"https:\/\/wirtschaftspost-online.de\/wp-content\/uploads\/2023\/11\/preistraeger-gruppenbild-1024x683.jpg 1024w, https:\/\/wirtschaftspost-online.de\/wp-content\/uploads\/2023\/11\/preistraeger-gruppenbild-300x200.jpg 300w, https:\/\/wirtschaftspost-online.de\/wp-content\/uploads\/2023\/11\/preistraeger-gruppenbild-768x512.jpg 768w, https:\/\/wirtschaftspost-online.de\/wp-content\/uploads\/2023\/11\/preistraeger-gruppenbild-650x433.jpg 650w, https:\/\/wirtschaftspost-online.de\/wp-content\/uploads\/2023\/11\/preistraeger-gruppenbild-1320x880.jpg 1320w, https:\/\/wirtschaftspost-online.de\/wp-content\/uploads\/2023\/11\/preistraeger-gruppenbild.jpg 1500w\" sizes=\"auto, (max-width: 1024px) 100vw, 1024px\" \/><figcaption class=\"wp-element-caption\">Die Preistr\u00e4ger*innen des Umweltpreises 2023 (Foto: Landeshauptstadt Magdeburg, Laura Th\u00fcmler)<\/figcaption><\/figure>\n\n\n\n<p class=\"has-black-color has-text-color has-link-color wp-elements-15ed97eca26ad1754c183c7bd63a1d63\">&#8222;Die Landeshauptstadt Magdeburg ist bereits seit vielen Jahren \u00e4u\u00dferst ambitioniert im Bereich des Klimaschutzes. Durch die gegenw\u00e4rtigen Entwicklungen wird deutlich, dass Klimaschutz auch in der Gesellschaft tief verankert ist und es in der Landeshauptstadt eine Vielzahl von Akteur*innen gibt, die den Klimaschutz aktiv vorantreiben. Mit dem Umweltpreis ehrt die Stadtverwaltung dieses Engagement&#8220;, so Fachbereichsleiterin f\u00fcr Bau- und Umweltrecht Andrea Scheerenberg auf der Preisverleihung im Gesellschaftshaus. &#8222;Insbesondere vor der Zielstellung, bis zum Jahr 2035 klimaneutral zu sein, ist das Mitwirken einer Vielzahl von Akteur*innen \u00e4u\u00dferst wichtig. Die eingereichten Beitr\u00e4ge dokumentieren eindrucksvoll den gro\u00dfen Ideenreichtum, das Verantwortungsbewusstsein und den Willen der Magdeburger*innen, sich f\u00fcr den Umweltschutz zu engagieren.&#8220;<\/p>\n\n\n\n<p class=\"has-black-color has-text-color has-link-color wp-elements-40475559a89abdce706a0388d78a5e0b\">Laudator*innen waren Lukas Thormann von der IHK, Steffi Mitschke vom Ministerium f\u00fcr Wissenschaft, Energie, Klimaschutz und Umwelt und Frau Prof. Dr.-Ing. Gilian Gerke von der Hochschule Magdeburg-Stendal, die auch stellvertretend f\u00fcr die Rektorin der Hochschule Magdeburg-Stendal Frau Prof. Dr. Manuela Schwartz die Festrede hielt.<\/p>\n\n\n\n<figure class=\"wp-block-image size-large\"><img loading=\"lazy\" decoding=\"async\" width=\"1024\" height=\"768\" src=\"https:\/\/wirtschaftspost-online.de\/wp-content\/uploads\/2023\/11\/teilnehmer-umweltpreis-nov-23-1024x768.jpg\" alt=\"\" class=\"wp-image-6051\" srcset=\"https:\/\/wirtschaftspost-online.de\/wp-content\/uploads\/2023\/11\/teilnehmer-umweltpreis-nov-23-1024x768.jpg 1024w, https:\/\/wirtschaftspost-online.de\/wp-content\/uploads\/2023\/11\/teilnehmer-umweltpreis-nov-23-300x225.jpg 300w, https:\/\/wirtschaftspost-online.de\/wp-content\/uploads\/2023\/11\/teilnehmer-umweltpreis-nov-23-768x576.jpg 768w, https:\/\/wirtschaftspost-online.de\/wp-content\/uploads\/2023\/11\/teilnehmer-umweltpreis-nov-23-1536x1152.jpg 1536w, https:\/\/wirtschaftspost-online.de\/wp-content\/uploads\/2023\/11\/teilnehmer-umweltpreis-nov-23-2048x1536.jpg 2048w, https:\/\/wirtschaftspost-online.de\/wp-content\/uploads\/2023\/11\/teilnehmer-umweltpreis-nov-23-650x488.jpg 650w, https:\/\/wirtschaftspost-online.de\/wp-content\/uploads\/2023\/11\/teilnehmer-umweltpreis-nov-23-261x196.jpg 261w, https:\/\/wirtschaftspost-online.de\/wp-content\/uploads\/2023\/11\/teilnehmer-umweltpreis-nov-23-540x406.jpg 540w, https:\/\/wirtschaftspost-online.de\/wp-content\/uploads\/2023\/11\/teilnehmer-umweltpreis-nov-23-1320x990.jpg 1320w\" sizes=\"auto, (max-width: 1024px) 100vw, 1024px\" \/><figcaption class=\"wp-element-caption\">Blick reihen auf die Zuschauer (Foto: Wirtschaftspost, Freimut Hengst)<\/figcaption><\/figure>\n","protected":false},"excerpt":{"rendered":"<p>Im Gesellschaftshaus Magdeburg wurde am 16. November der diesj\u00e4hrige Umweltpreis der Landeshauptstadt Magdeburg an Projekte verliehen, die der Reduzierung von Treibhausgasen dienen. \u00dcberreicht wurde der mit insgesamt 12.000 Euro dotierte Preis durch die Fachbereichsleiterin f\u00fcr Bau- und Umweltrecht Andrea Scheerenberg. <a class=\"more-link\" href=\"https:\/\/wirtschaftspost-online.de\/?p=6047\">[ . . . ]<\/a><\/p>\n","protected":false},"author":4,"featured_media":0,"comment_status":"closed","ping_status":"closed","sticky":false,"template":"","format":"standard","meta":{"footnotes":""},"categories":[1],"tags":[],"class_list":["post-6047","post","type-post","status-publish","format-standard","hentry","category-allgemein"],"aioseo_notices":[],"_links":{"self":[{"href":"https:\/\/wirtschaftspost-online.de\/index.php?rest_route=\/wp\/v2\/posts\/6047","targetHints":{"allow":["GET"]}}],"collection":[{"href":"https:\/\/wirtschaftspost-online.de\/index.php?rest_route=\/wp\/v2\/posts"}],"about":[{"href":"https:\/\/wirtschaftspost-online.de\/index.php?rest_route=\/wp\/v2\/types\/post"}],"author":[{"embeddable":true,"href":"https:\/\/wirtschaftspost-online.de\/index.php?rest_route=\/wp\/v2\/users\/4"}],"replies":[{"embeddable":true,"href":"https:\/\/wirtschaftspost-online.de\/index.php?rest_route=%2Fwp%2Fv2%2Fcomments&post=6047"}],"version-history":[{"count":3,"href":"https:\/\/wirtschaftspost-online.de\/index.php?rest_route=\/wp\/v2\/posts\/6047\/revisions"}],"predecessor-version":[{"id":6085,"href":"https:\/\/wirtschaftspost-online.de\/index.php?rest_route=\/wp\/v2\/posts\/6047\/revisions\/6085"}],"wp:attachment":[{"href":"https:\/\/wirtschaftspost-online.de\/index.php?rest_route=%2Fwp%2Fv2%2Fmedia&parent=6047"}],"wp:term":[{"taxonomy":"category","embeddable":true,"href":"https:\/\/wirtschaftspost-online.de\/index.php?rest_route=%2Fwp%2Fv2%2Fcategories&post=6047"},{"taxonomy":"post_tag","embeddable":true,"href":"https:\/\/wirtschaftspost-online.de\/index.php?rest_route=%2Fwp%2Fv2%2Ftags&post=6047"}],"curies":[{"name":"wp","href":"https:\/\/api.w.org\/{rel}","templated":true}]}}