{"id":6075,"date":"2023-12-04T22:47:22","date_gmt":"2023-12-04T21:47:22","guid":{"rendered":"https:\/\/wirtschaftspost-online.de\/?p=6075"},"modified":"2024-03-07T15:09:52","modified_gmt":"2024-03-07T14:09:52","slug":"erfolgreicher-generationenwechsel-im-hafen-haldensleben","status":"publish","type":"post","link":"https:\/\/wirtschaftspost-online.de\/?p=6075","title":{"rendered":"Erfolgreicher Generationenwechsel im Hafen Haldensleben"},"content":{"rendered":"<div class=\"wp-block-image\">\n<figure class=\"alignright size-full is-resized\"><img loading=\"lazy\" decoding=\"async\" width=\"882\" height=\"602\" src=\"https:\/\/wirtschaftspost-online.de\/wp-content\/uploads\/2023\/12\/Arne-Proehl-neuer-GF-klein.jpg\" alt=\"\" class=\"wp-image-6076\" style=\"width:212px;height:auto\" srcset=\"https:\/\/wirtschaftspost-online.de\/wp-content\/uploads\/2023\/12\/Arne-Proehl-neuer-GF-klein.jpg 882w, https:\/\/wirtschaftspost-online.de\/wp-content\/uploads\/2023\/12\/Arne-Proehl-neuer-GF-klein-300x205.jpg 300w, https:\/\/wirtschaftspost-online.de\/wp-content\/uploads\/2023\/12\/Arne-Proehl-neuer-GF-klein-768x524.jpg 768w, https:\/\/wirtschaftspost-online.de\/wp-content\/uploads\/2023\/12\/Arne-Proehl-neuer-GF-klein-650x444.jpg 650w\" sizes=\"auto, (max-width: 882px) 100vw, 882px\" \/><figcaption class=\"wp-element-caption\">Arne Pr\u00f6hl, neuer UHH-Gesch\u00e4ftsf\u00fchrer in Haldensleben<\/figcaption><\/figure><\/div>\n\n\n<p class=\"has-black-color has-text-color has-link-color wp-elements-3778c080a8e8be23b08b76662dcca652\">(Haldensleben, 4. Dezember 2023) Die UHH \u2013 Umschlag- und Handelsgesellschaft Haldensleben, ein f\u00fchrendes Unternehmen im Bereich der Logistik, freut sich, die <strong>Ernennung von Arne Pr\u00f6hl zum weiteren Gesch\u00e4ftsf\u00fchrer<\/strong> bekannt zu geben.<br>Herr Pr\u00f6hl wird ab sofort neben den Herren Eckhard Kurfeld und Carsten L\u00fcbben t\u00e4tig sein und gemeinsam mit ihnen die Geschicke des Unternehmens lenken.<\/p>\n\n\n\n<div style=\"height:2px\" aria-hidden=\"true\" class=\"wp-block-spacer\"><\/div>\n\n\n\n<p class=\"has-black-color has-text-color has-link-color wp-elements-245f9db1a3505e50b45d33b351b1ef6c\">Mit seiner umfassenden branchenspezifischen Erfahrung in den Bereichen Hafenlogistik und Agrarwirtschaft, bringt Herr Pr\u00f6hl frischen Wind und innovative Ideen in das Unternehmen ein. Sein Eintritt markiert einen erfolgreichen Generationenwechsel, der darauf abzielt, die Position der UHH Haldensleben als profilierter Hafen- und Logistikdienstleister f\u00fcr den Umschlag von Massen- und Schwergut weiter zu st\u00e4rken.<br>Eckhard Kurfeld und Carsten L\u00fcbben, die bisherigen Gesch\u00e4ftsf\u00fchrer, begr\u00fc\u00dften Arne Pr\u00f6hl herzlich im F\u00fchrungsteam. Gemeinsam sind sie optimistisch, dass die Kombination aus Erfahrung und neuen Perspektiven die Grundlage f\u00fcr eine nachhaltige und erfolgreiche Zukunft legt.<br><br>&#8222;Die Ernennung von Arne Pr\u00f6hl ist ein wichtiger Schritt f\u00fcr die Zukunft der UHH Haldensleben. Seine Fachkenntnisse und F\u00fchrungsqualit\u00e4ten werden dazu beitragen, unsere Position auf dem Markt zu festigen und das Wachstum des Unternehmens weiter voranzutreiben&#8220;, kommentierte Eckhard Kurfeld.<br><br>Arne Pr\u00f6hl zeigt sich ebenso begeistert von der neuen Herausforderung: &#8222;Es ist mir eine Freude, Teil eines so traditionsreichen Unternehmens wie der UHH Haldensleben zu sein. Ich freue mich darauf, gemeinsam mit Herrn Kurfeld und Herrn L\u00fcbben, an der Spitze des Unternehmens zu arbeiten und dazu beizutragen, die Erfolgsgeschichte weiterzuschreiben.&#8220;<br>Die UHH Haldensleben, eine <strong>Tochtergesellschaft der Rhein-Umschlag GmbH &amp; Co.KG<\/strong> aus Oldenburg, blickt zuversichtlich in die Zukunft und ist \u00fcberzeugt, dass die gemeinsame F\u00fchrung von Carsten L\u00fcbben und Arne Pr\u00f6hl das Unternehmen in eine erfolgreiche \u00c4ra f\u00fchren wird.<br>Herr Eckhard Kurfeld wird im September 2024 das Unternehmen verlassen und in den wohlverdienten Ruhestand eintreten.<\/p>\n\n\n\n<p class=\"has-black-color has-text-color has-link-color wp-elements-7dd82e0ce83831a532363197d37023f4\">Mehr unter <a href=\"http:\/\/www.uhh-haldensleben.de\" target=\"_blank\" rel=\"noopener\" title=\"\">www.uhh-haldensleben.de<\/a><\/p>\n","protected":false},"excerpt":{"rendered":"<p>(Haldensleben, 4. Dezember 2023) Die UHH \u2013 Umschlag- und Handelsgesellschaft Haldensleben, ein f\u00fchrendes Unternehmen im Bereich der Logistik, freut sich, die Ernennung von Arne Pr\u00f6hl zum weiteren Gesch\u00e4ftsf\u00fchrer bekannt zu geben.Herr Pr\u00f6hl wird ab sofort neben den Herren Eckhard Kurfeld <a class=\"more-link\" href=\"https:\/\/wirtschaftspost-online.de\/?p=6075\">[ . . . ]<\/a><\/p>\n","protected":false},"author":4,"featured_media":0,"comment_status":"closed","ping_status":"closed","sticky":false,"template":"","format":"standard","meta":{"footnotes":""},"categories":[1],"tags":[],"class_list":["post-6075","post","type-post","status-publish","format-standard","hentry","category-allgemein"],"aioseo_notices":[],"_links":{"self":[{"href":"https:\/\/wirtschaftspost-online.de\/index.php?rest_route=\/wp\/v2\/posts\/6075","targetHints":{"allow":["GET"]}}],"collection":[{"href":"https:\/\/wirtschaftspost-online.de\/index.php?rest_route=\/wp\/v2\/posts"}],"about":[{"href":"https:\/\/wirtschaftspost-online.de\/index.php?rest_route=\/wp\/v2\/types\/post"}],"author":[{"embeddable":true,"href":"https:\/\/wirtschaftspost-online.de\/index.php?rest_route=\/wp\/v2\/users\/4"}],"replies":[{"embeddable":true,"href":"https:\/\/wirtschaftspost-online.de\/index.php?rest_route=%2Fwp%2Fv2%2Fcomments&post=6075"}],"version-history":[{"count":4,"href":"https:\/\/wirtschaftspost-online.de\/index.php?rest_route=\/wp\/v2\/posts\/6075\/revisions"}],"predecessor-version":[{"id":6662,"href":"https:\/\/wirtschaftspost-online.de\/index.php?rest_route=\/wp\/v2\/posts\/6075\/revisions\/6662"}],"wp:attachment":[{"href":"https:\/\/wirtschaftspost-online.de\/index.php?rest_route=%2Fwp%2Fv2%2Fmedia&parent=6075"}],"wp:term":[{"taxonomy":"category","embeddable":true,"href":"https:\/\/wirtschaftspost-online.de\/index.php?rest_route=%2Fwp%2Fv2%2Fcategories&post=6075"},{"taxonomy":"post_tag","embeddable":true,"href":"https:\/\/wirtschaftspost-online.de\/index.php?rest_route=%2Fwp%2Fv2%2Ftags&post=6075"}],"curies":[{"name":"wp","href":"https:\/\/api.w.org\/{rel}","templated":true}]}}