{"id":6135,"date":"2023-12-18T19:44:43","date_gmt":"2023-12-18T18:44:43","guid":{"rendered":"https:\/\/wirtschaftspost-online.de\/?p=6135"},"modified":"2024-01-08T16:59:02","modified_gmt":"2024-01-08T15:59:02","slug":"das-dezernat-kultur-und-die-geschaeftsstelle-des-leipziger-buchpreises-zur-europaeischen-verstaendigung-informieren-omri-boehm-erhaelt-leipziger-buchpreis-zur-europaeischenverstaendigung-2024","status":"publish","type":"post","link":"https:\/\/wirtschaftspost-online.de\/?p=6135","title":{"rendered":"Omri Boehm erh\u00e4lt Leipziger Buchpreis zur Europ\u00e4ischen Verst\u00e4ndigung 2024"},"content":{"rendered":"<div class=\"wp-block-image\">\n<figure class=\"alignright size-full is-resized\"><img loading=\"lazy\" decoding=\"async\" width=\"630\" height=\"815\" src=\"https:\/\/wirtschaftspost-online.de\/wp-content\/uploads\/2023\/12\/omri-boehm-Buchpreis-2024-klein.jpg\" alt=\"\" class=\"wp-image-6136\" style=\"width:171px;height:auto\" srcset=\"https:\/\/wirtschaftspost-online.de\/wp-content\/uploads\/2023\/12\/omri-boehm-Buchpreis-2024-klein.jpg 630w, https:\/\/wirtschaftspost-online.de\/wp-content\/uploads\/2023\/12\/omri-boehm-Buchpreis-2024-klein-232x300.jpg 232w, https:\/\/wirtschaftspost-online.de\/wp-content\/uploads\/2023\/12\/omri-boehm-Buchpreis-2024-klein-300x388.jpg 300w\" sizes=\"auto, (max-width: 630px) 100vw, 630px\" \/><figcaption class=\"wp-element-caption\">Omri Boehm<br><em>\u00a9 Marzena Skubatz<\/em><\/figcaption><\/figure><\/div>\n\n\n<p class=\"has-black-color has-text-color has-link-color wp-elements-d8d62d6ba73cbb0758eec28b58a0f284\"><strong>Der Leipziger Buchpreis zur Europ\u00e4ischen Verst\u00e4ndigung 2024 wird dem deutsch-israelischen Philosophen Omri Boehm f\u00fcr sein Buch <em>Radikaler Universalismus. Jenseits von Identit\u00e4t<\/em> verliehen. Das Buch ist im September 2022 im Propyl\u00e4en Verlag erschienen. Der Text wurde aus dem Englischen von Michael Adrian \u00fcbersetzt.<\/strong><\/p>\n\n\n\n<p class=\"has-black-color has-text-color has-link-color wp-elements-ea24dd8e942e87de79fae0850184c94c\">In der Begr\u00fcndung der Jury hei\u00dft es: \u201eDer Leipziger Buchpreis f\u00fcr Europ\u00e4ische Verst\u00e4ndigung 2024 geht an den israelisch-deutschen Philosophen Omri Boehm f\u00fcr die Konsequenz, mit der er den Kern des humanistischen Universalismus, die Verpflichtung zur Anerkennung der Gleichheit aller Menschen, gegen jegliche Relativierung verteidigt. In seinem j\u00fcngsten Buch <em>Radikaler Universalismus. Jenseits von Identit\u00e4t<\/em> (2022) tritt Boehm den ideologischen Verh\u00e4rtungen der Gegenwart entschieden entgegen, nimmt Immanuel Kants Definition von Aufkl\u00e4rung als ,Ausgang aus der selbstverschuldeten Unm\u00fcndigkeit\u2018 beim Wort und unterzieht den westlichen Liberalismus, vor allem aber das Denken in Identit\u00e4ten, die sich absolut setzen, einer kritischen Revision.\u201c<\/p>\n\n\n\n<p class=\"has-black-color has-text-color has-link-color wp-elements-27dc16d0e15e33890db452d238f4bb1d\">Weiter schreibt die Jury: \u201eBoehm zufolge sind auch in modernen Gesellschaften letztg\u00fcltige Wahrheiten unverzichtbar, um die Gleichheit und die W\u00fcrde der Menschen unantastbar zu machen. Er scheut sich nicht, f\u00fcr den Universalismus metaphysische Begr\u00fcndungen zu fordern und findet sie im Br\u00fcckenschlag zwischen der Philosophie Kants und dem Erbe der biblischen Propheten. In einer originellen Lekt\u00fcre der hebr\u00e4ischen Bibel entdeckt er in Abraham, der den Widder statt seines Sohnes opfert, eine Figur des Ungehorsams. Indem Abraham gegen Gott auf der Idee der Gerechtigkeit beharrt, wird er zum Urbild des ethischen Monotheismus, den Kant in die Begriffe moderner Philosophie \u00fcbersetzt. Omri Boehms Grundlegung des humanistischen Universalismus ist politisch relevant. Seine B\u00fccher, darunter auch der Band <em>Israel \u2013 eine Utopie<\/em> (2020), sind zugleich Verteidigungsschriften und Herausforderungen liberaler Demokratien, indem sie die Verbindlichkeit des Universalismus einklagen.\u201c<\/p>\n\n\n\n<p class=\"has-black-color has-text-color has-link-color wp-elements-6b7807ece67190dd08dec14462676cad\">Der Jury des Leipziger Buchpreises zur Europ\u00e4ischen Verst\u00e4ndigung 2024 geh\u00f6ren Dr. Maike Albath (Literaturkritikerin und Autorin), Dr. Skadi Jennicke (Kulturbeigeordnete der Stadt Leipzig), Michael Lemling (Gesch\u00e4ftsf\u00fchrer der Buchhandlung Lehmkuhl), Dr. Lothar M\u00fcller (Literaturkritiker und Journalist) sowie Dr. Daniela Strigl (Literaturkritikerin und Essayistin) an.<br>Der Preis wird zur Er\u00f6ffnung der Leipziger Buchmesse am 20. M\u00e4rz 2024 im Gewandhaus zu Leipzig an Omri Boehm verliehen. Die Laudatio h\u00e4lt die franz\u00f6sisch-israelische Soziologin Eva Illouz.<\/p>\n\n\n\n<hr class=\"wp-block-separator has-alpha-channel-opacity\"\/>\n\n\n\n<p class=\"has-black-color has-text-color has-link-color wp-elements-eab7c19a02c9bbda455b7e4bda95ad1f\">Der Leipziger Buchpreis zur Europ\u00e4ischen Verst\u00e4ndigung, seit 1994 j\u00e4hrlich vergeben und mit 20.000 Euro dotiert, z\u00e4hlt zu den wichtigsten Literaturauszeichnungen in Deutschland. Das Preiskuratorium bilden der Freistaat Sachsen, die Stadt Leipzig, der B\u00f6rsenverein des Deutschen Buchhandels e.V. und die Leipziger Messe. Kooperationspartner ist die Bundeszentrale f\u00fcr politische Bildung.<br>Ausf\u00fchrliche Informationen zum Leipziger Buchpreis zur Europ\u00e4ischen Verst\u00e4ndigung, den bisherigen Preistr\u00e4gern, dem Kuratorium und der Jury sind unter <a href=\"http:\/\/www.leipzig.de\/buchpreis\" target=\"_blank\" rel=\"noopener\" title=\"\">www.leipzig.de\/buchpreis<\/a> zu finden.<\/p>\n\n\n\n<hr class=\"wp-block-separator has-alpha-channel-opacity\"\/>\n\n\n\n<h4 class=\"wp-block-heading\"><strong>\u00dcber die Leipziger Buchmesse<\/strong><\/h4>\n\n\n<div class=\"wp-block-image\">\n<figure class=\"alignright size-full is-resized\"><img loading=\"lazy\" decoding=\"async\" width=\"620\" height=\"413\" src=\"https:\/\/wirtschaftspost-online.de\/wp-content\/uploads\/2021\/05\/jpg-Logo-Leipziger-Buchmesse.jpg\" alt=\"\" class=\"wp-image-2521\" style=\"width:169px;height:auto\" srcset=\"https:\/\/wirtschaftspost-online.de\/wp-content\/uploads\/2021\/05\/jpg-Logo-Leipziger-Buchmesse.jpg 620w, https:\/\/wirtschaftspost-online.de\/wp-content\/uploads\/2021\/05\/jpg-Logo-Leipziger-Buchmesse-300x200.jpg 300w\" sizes=\"auto, (max-width: 620px) 100vw, 620px\" \/><\/figure><\/div>\n\n\n<p class=\"has-black-color has-text-color has-link-color wp-elements-f9a7e86540e8c8b256e937b49035faf7\">Die Leipziger Buchmesse ist der wichtigste Fr\u00fchjahrstreff der Buch- und Medienbranche und versteht sich als Messe f\u00fcr Leser, Autoren und Verlage. Sie pr\u00e4sentiert die Neuerscheinungen des Fr\u00fchjahrs, aktuelle Themen und Trends und zeigt neben junger deutschsprachiger Literatur auch Neues aus Mittel- und Osteuropa. Gastland der Leipziger Buchmesse 2024 ist Niederlande &amp; Flandern. Durch die einzigartige Verbindung von Messe und \u201eLeipzig liest\u201c \u2013 dem gr\u00f6\u00dften europ\u00e4ischen Lesefest \u2013 hat sich die Buchmesse zu einem Publikumsmagneten entwickelt. Im Verbund mit der Leipziger Buchmesse \u00f6ffnet die Manga-Comic-Con (MCC) in Halle 1 und Halle 3. Zur letzten Veranstaltung pr\u00e4sentierten 2.082 Aussteller aus 40 L\u00e4ndern die Novit\u00e4ten des Fr\u00fchjahrs und begeisterten damit auf dem Messegel\u00e4nde sowie in der gesamten Stadt 274.000 Besucher.<\/p>\n\n\n\n<p class=\"has-black-color has-text-color has-link-color wp-elements-56181bb576a5881421004843b6e54495\"><a href=\"https:\/\/www.leipziger-messe.de\" target=\"_blank\" rel=\"noopener\" title=\"\">www.leipziger-messe.de<\/a><br><a href=\"https:\/\/www.leipziger-buchmesse.de\" target=\"_blank\" rel=\"noopener\" title=\"\">www.leipziger-buchmesse.de<\/a><\/p>\n\n\n\n<p><strong><a href=\"https:\/\/wirtschaftspost-online.de\/?page_id=6091\" title=\"Link zur WIRTSCHAFTSPOST-Partnerseite der Leipziger Messe\"><em>Link zur WIRTSCHAFTSPOST-Partnerseite der Leipziger Messe<\/em><\/a><\/strong><\/p>\n","protected":false},"excerpt":{"rendered":"<p>Der Leipziger Buchpreis zur Europ\u00e4ischen Verst\u00e4ndigung 2024 wird dem deutsch-israelischen Philosophen Omri Boehm f\u00fcr sein Buch Radikaler Universalismus. Jenseits von Identit\u00e4t verliehen. Das Buch ist im September 2022 im Propyl\u00e4en Verlag erschienen. Der Text wurde aus dem Englischen von Michael <a class=\"more-link\" href=\"https:\/\/wirtschaftspost-online.de\/?p=6135\">[ . . . ]<\/a><\/p>\n","protected":false},"author":4,"featured_media":0,"comment_status":"closed","ping_status":"closed","sticky":false,"template":"","format":"standard","meta":{"footnotes":""},"categories":[1],"tags":[],"class_list":["post-6135","post","type-post","status-publish","format-standard","hentry","category-allgemein"],"aioseo_notices":[],"_links":{"self":[{"href":"https:\/\/wirtschaftspost-online.de\/index.php?rest_route=\/wp\/v2\/posts\/6135","targetHints":{"allow":["GET"]}}],"collection":[{"href":"https:\/\/wirtschaftspost-online.de\/index.php?rest_route=\/wp\/v2\/posts"}],"about":[{"href":"https:\/\/wirtschaftspost-online.de\/index.php?rest_route=\/wp\/v2\/types\/post"}],"author":[{"embeddable":true,"href":"https:\/\/wirtschaftspost-online.de\/index.php?rest_route=\/wp\/v2\/users\/4"}],"replies":[{"embeddable":true,"href":"https:\/\/wirtschaftspost-online.de\/index.php?rest_route=%2Fwp%2Fv2%2Fcomments&post=6135"}],"version-history":[{"count":3,"href":"https:\/\/wirtschaftspost-online.de\/index.php?rest_route=\/wp\/v2\/posts\/6135\/revisions"}],"predecessor-version":[{"id":6198,"href":"https:\/\/wirtschaftspost-online.de\/index.php?rest_route=\/wp\/v2\/posts\/6135\/revisions\/6198"}],"wp:attachment":[{"href":"https:\/\/wirtschaftspost-online.de\/index.php?rest_route=%2Fwp%2Fv2%2Fmedia&parent=6135"}],"wp:term":[{"taxonomy":"category","embeddable":true,"href":"https:\/\/wirtschaftspost-online.de\/index.php?rest_route=%2Fwp%2Fv2%2Fcategories&post=6135"},{"taxonomy":"post_tag","embeddable":true,"href":"https:\/\/wirtschaftspost-online.de\/index.php?rest_route=%2Fwp%2Fv2%2Ftags&post=6135"}],"curies":[{"name":"wp","href":"https:\/\/api.w.org\/{rel}","templated":true}]}}