{"id":6156,"date":"2023-12-19T13:51:03","date_gmt":"2023-12-19T12:51:03","guid":{"rendered":"https:\/\/wirtschaftspost-online.de\/?p=6156"},"modified":"2024-01-08T16:57:41","modified_gmt":"2024-01-08T15:57:41","slug":"haus-garten-freizeit-mitteldeutsche-handwerksmesse-2024-mit-dem-messedoppel-erfolgreich-ins-fruehjahr-starten","status":"publish","type":"post","link":"https:\/\/wirtschaftspost-online.de\/?p=6156","title":{"rendered":"HAUS-GARTEN-FREIZEIT &#038; mitteldeutsche handwerksmesse 2024"},"content":{"rendered":"\n<h2 class=\"wp-block-heading\"><strong>Mit dem Messedoppel erfolgreich ins Fr\u00fchjahr starten<\/strong><\/h2>\n\n\n\n<p class=\"has-black-color has-text-color has-link-color wp-elements-ac441691cb0fe745443cd768fed67cbc\"><strong>Vom 10. bis 18. Februar 2024 machen die HAUS-GARTEN-FREIZEIT und die mitteldeutsche handwerksmesse Vielfalt wieder erlebbar. Neun Tage lang wird aus der Leipziger Messe eine bunte Inspirationslandschaft mit Trends f\u00fcr Heim und Garten, jeder Menge Genuss sowie Handwerk zum Anfassen. Die mitteldeutsche handwerksmesse feiert mit ihrer 25. Auflage das Silberjubil\u00e4um. Au\u00dferdem erm\u00f6glicht die Tageskarte am ersten Messewochenende den Besuch der Motorrad Messe Leipzig.<\/strong><\/p>\n\n\n<div class=\"wp-block-image\">\n<figure class=\"alignright size-medium is-resized\"><img loading=\"lazy\" decoding=\"async\" width=\"300\" height=\"300\" src=\"https:\/\/wirtschaftspost-online.de\/wp-content\/uploads\/2023\/12\/logo-hgf-transparent-300x300.png\" alt=\"\" class=\"wp-image-6181\" style=\"width:130px;height:auto\" srcset=\"https:\/\/wirtschaftspost-online.de\/wp-content\/uploads\/2023\/12\/logo-hgf-transparent-300x300.png 300w, https:\/\/wirtschaftspost-online.de\/wp-content\/uploads\/2023\/12\/logo-hgf-transparent-150x150.png 150w, https:\/\/wirtschaftspost-online.de\/wp-content\/uploads\/2023\/12\/logo-hgf-transparent-768x768.png 768w, https:\/\/wirtschaftspost-online.de\/wp-content\/uploads\/2023\/12\/logo-hgf-transparent-650x650.png 650w, https:\/\/wirtschaftspost-online.de\/wp-content\/uploads\/2023\/12\/logo-hgf-transparent-100x100.png 100w, https:\/\/wirtschaftspost-online.de\/wp-content\/uploads\/2023\/12\/logo-hgf-transparent.png 1000w\" sizes=\"auto, (max-width: 300px) 100vw, 300px\" \/><\/figure><\/div>\n\n\n<p class=\"has-black-color has-text-color has-link-color wp-elements-ee75b5e6be31175a59884778d432928e\">\u201eInspiration live erleben und eine tolle Zeit mit der ganzen Familie haben \u2013 daf\u00fcr ist die HAUS-GARTEN-FREIZEIT als eine der gr\u00f6\u00dften Publikumsmessen Deutschlands die perfekte Gelegenheit\u201c, sagt Martin Buhl-Wagner, Gesch\u00e4ftsf\u00fchrer der Leipziger Messe. \u201eBesonders freuen wir uns auch auf die 25. Auflage der mitteldeutschen handwerksmesse. Seit 1998 bringt sie Handwerker und Konsumenten zusammen und pr\u00e4sentiert hochwertige Arbeit aus erster Hand. Alle ostdeutschen Handwerkskammern beteiligen sich an der Handwerksmesse, um Antworten f\u00fcr die aktuellen Herausforderungen zu finden.\u201c Abgerundet wird das Messedoppel durch die Motorrad Messe Leipzig, die am Auftaktwochenende parallel stattfindet \u2013 der Besuch ist in der Tageskarte inbegriffen.<\/p>\n\n\n\n<p class=\"has-black-color has-text-color has-link-color wp-elements-95b40587d0c18e8bfbec50c5d4ae1b3d\"><strong>Gartentr\u00e4ume f\u00fcr Gro\u00df und Klein<\/strong><\/p>\n\n\n\n<p class=\"has-black-color has-text-color has-link-color wp-elements-902280bafd94230b900f42a8a4ae3d89\">Bl\u00fchende Gartenlandschaften, alles f\u00fcr das heimische Beet, Tipps von den Profis und vieles mehr bietet die Erlebniswelt \u201eGr\u00fcnes Wohnen\u201c in der Messehalle 1. Inmitten von Pflanzen, B\u00e4umen, Str\u00e4uchern und Knollen ist das kalte Winterwetter hier schnell vergessen und die Vorfreude auf die n\u00e4chste Gartensaison steigt. Einen gro\u00dfen Anteil daran hat auch der Stadtverband Leipzig der Kleing\u00e4rtner e.V., der eine faszinierende Gr\u00fcnfl\u00e4che mitten in der Halle gestaltet und mit Fachvortr\u00e4gen wertvolle Hinweise zu den Themen Baumschnitt und Pflanzenschutz parat hat. Kinder kommen hier ebenfalls voll auf ihre Kosten, dank zahlreicher Mitmach-Angebote. Mit den ersten eigenen Stecklingen wird hier vielleicht der Samen f\u00fcr eine neue Leidenschaft gepflanzt.<\/p>\n\n\n\n<figure class=\"wp-block-image size-full\"><img loading=\"lazy\" decoding=\"async\" width=\"1240\" height=\"350\" src=\"https:\/\/wirtschaftspost-online.de\/wp-content\/uploads\/2023\/12\/haus-garten-freizeit-banner-1240x350px-de_124_35_l.jpg\" alt=\"\" class=\"wp-image-6157\" srcset=\"https:\/\/wirtschaftspost-online.de\/wp-content\/uploads\/2023\/12\/haus-garten-freizeit-banner-1240x350px-de_124_35_l.jpg 1240w, https:\/\/wirtschaftspost-online.de\/wp-content\/uploads\/2023\/12\/haus-garten-freizeit-banner-1240x350px-de_124_35_l-300x85.jpg 300w, https:\/\/wirtschaftspost-online.de\/wp-content\/uploads\/2023\/12\/haus-garten-freizeit-banner-1240x350px-de_124_35_l-1024x289.jpg 1024w, https:\/\/wirtschaftspost-online.de\/wp-content\/uploads\/2023\/12\/haus-garten-freizeit-banner-1240x350px-de_124_35_l-768x217.jpg 768w, https:\/\/wirtschaftspost-online.de\/wp-content\/uploads\/2023\/12\/haus-garten-freizeit-banner-1240x350px-de_124_35_l-650x183.jpg 650w\" sizes=\"auto, (max-width: 1240px) 100vw, 1240px\" \/><\/figure>\n\n\n\n<p class=\"has-black-color has-text-color has-link-color wp-elements-fce1df4afea4a1c8534bf2e2c3db2c96\"><strong>Landleben und Genuss erleben<\/strong><\/p>\n\n\n\n<p class=\"has-black-color has-text-color has-link-color wp-elements-cbef705680a57f2008db35739499cfe1\">Es gackert, m\u00e4ht und grunzt in der Messehalle 3. In der Erlebniswelt \u201eBauernhof und Heimtierzoo\u201c lernen gro\u00dfe und kleine Besucher Tiere und das Leben auf dem Hof hautnah kennen. T\u00e4gliche Bauernhoff\u00fchrungen geben einen spannenden Einblick in den Alltag mit Kaninchen, Ziegen, Schweinen, Schafen und K\u00e4lbern. Au\u00dferdem informieren Fachleute \u00fcber artgerechte Haltung und die F\u00fctterung der tierischen G\u00e4ste. Unter ihnen sind auch echte Exoten, wie Alpakas, Aras und Zebrafinken.<\/p>\n\n\n\n<p class=\"has-black-color has-text-color has-link-color wp-elements-4672d10edfce4fdb774b5d90e420e9b0\">Das leibliche Wohl wird sowohl auf der HAUS-GARTEN-FREIZEIT als auch auf der mitteldeutschen handwerksmesse gro\u00dfgeschrieben. Besucher k\u00f6nnen mit der Erlebniswelt \u201eGenuss &amp; mehr\u201c K\u00f6stlichkeiten aus der Region aber auch aus aller Welt probieren. Edle Gew\u00fcrze, \u00d6le, Kr\u00e4uter, Weine und Spirituosen, schmackhafte Schokoladenspezialit\u00e4ten, hochwertiger K\u00e4se und vieles mehr ist im Angebot der Aussteller zu finden. Wie nachhaltig, regional und saisonal gekocht wird, erkl\u00e4ren Spitzenk\u00f6che und heimische Erzeuger in der \u201eSlow &amp; s\u00e4chsisch Landhausk\u00fcche\u201c \u2013 der Genusstreff in Messehalle 1. Das Team der Slow Food Regionalgruppe Leipzig-Halle sowie Landhausk\u00fcchenmeister Thomas Marbach wollen mit einem abwechslungsreichen Programm und viel Freude regional erzeugte Lebensmittel in den Fokus r\u00fccken und gemeinsam mit den Besucherinnen und Besuchern kochen. In der Messehalle 5 bieten die gl\u00e4serne B\u00e4ckerei und die gl\u00e4serne Fleischerei einen einzigartigen Blick hinter die Kulissen des Lebensmittelhandwerks. Kosten ist ausdr\u00fccklich erw\u00fcnscht!<\/p>\n\n\n\n<figure class=\"wp-block-image size-full\"><img loading=\"lazy\" decoding=\"async\" width=\"1240\" height=\"350\" src=\"https:\/\/wirtschaftspost-online.de\/wp-content\/uploads\/2023\/12\/mitteldeutsche-handwerksmesse-banner-1240x350px-de_124_35_l.jpg\" alt=\"\" class=\"wp-image-6158\" srcset=\"https:\/\/wirtschaftspost-online.de\/wp-content\/uploads\/2023\/12\/mitteldeutsche-handwerksmesse-banner-1240x350px-de_124_35_l.jpg 1240w, https:\/\/wirtschaftspost-online.de\/wp-content\/uploads\/2023\/12\/mitteldeutsche-handwerksmesse-banner-1240x350px-de_124_35_l-300x85.jpg 300w, https:\/\/wirtschaftspost-online.de\/wp-content\/uploads\/2023\/12\/mitteldeutsche-handwerksmesse-banner-1240x350px-de_124_35_l-1024x289.jpg 1024w, https:\/\/wirtschaftspost-online.de\/wp-content\/uploads\/2023\/12\/mitteldeutsche-handwerksmesse-banner-1240x350px-de_124_35_l-768x217.jpg 768w, https:\/\/wirtschaftspost-online.de\/wp-content\/uploads\/2023\/12\/mitteldeutsche-handwerksmesse-banner-1240x350px-de_124_35_l-650x183.jpg 650w\" sizes=\"auto, (max-width: 1240px) 100vw, 1240px\" \/><\/figure>\n\n\n\n<p class=\"has-black-color has-text-color has-link-color wp-elements-618fa7652d1f0b7c6a167bfe4e57be50\"><strong>Bauen, Sanieren und Renovieren<\/strong><\/p>\n\n\n\n<p class=\"has-black-color has-text-color has-link-color wp-elements-b6f1db1d0559f141272b3d24ae72252d\">Egal, ob am eigenen Haus oder in der Wohnung, es gibt immer etwas zu tun. Damit dem Modernisierungswunsch nichts im Weg steht, ist kompetente Beratung entscheidend \u2013 und die gibt es auf der HAUS-GARTEN-FREIZEIT. Unsere Aussteller bieten echte Expertise und viele M\u00f6glichkeiten zum Testen und Vergleichen vor Ort. Wer den Traum vom Haus verwirklichen m\u00f6chte oder bereits soweit ist, kann sich auch dieses Jahr auf wertvolle Tipps vom Bauherren-Schutzbund e.V. mit dem Info-Tag f\u00fcr Bauherren, Wohnungsk\u00e4ufer sowie Modernisierer am 11. Februar freuen. Der Baubereich in Messehalle 5 ist im Vergleich zum Vorjahr gewachsen und bietet noch mehr Wissenswertes rund um die Themen Energie und Hausbau.<\/p>\n\n\n\n<p class=\"has-black-color has-text-color has-link-color wp-elements-1a072ad3f75a2edc2949bb66ed10a066\">So viel Begeisterung steckt auch die j\u00fcngsten Besucher an. Nachwuchshandwerker k\u00f6nnen sich auf der Kinderbaustelle austoben und ihrer Fantasie freien Lauf lassen \u2013 zum Beispiel auf dem Aktivbauspielplatz, dem Baufahrzeug-Parcours, in der B\u00e4ckerei und Konditorei oder der Frisurenwerkstatt.<\/p>\n\n\n\n<p class=\"has-black-color has-text-color has-link-color wp-elements-5011067cf6fcd32cca6d13f496f87e14\"><strong>Jubil\u00e4um f\u00fcr die mitteldeutsche handwerksmesse<\/strong><\/p>\n\n\n\n<p class=\"has-black-color has-text-color has-link-color wp-elements-177596caa1f083f57a7de4d11d43056c\">Qualit\u00e4t, Vertrauen, Garantie und Individualit\u00e4t \u2013 daf\u00fcr steht das Handwerk. Bereits zum 25. Mal findet die mitteldeutsche handwerksmesse parallel zur HAUS-GARTEN-FREIZEIT statt und kn\u00fcpft nahtlos an die Erlebniswelt \u201eBauen &amp; Handwerk\u201c an. Verschiedenste Handwerksbetriebe stellen ihre Leistungen und Produkte vor und zeigen bei Live-Vorf\u00fchrungen und Mitmach-Aktionen, was sie k\u00f6nnen. Die Handwerkskammern Sachsen und Sachsen-Anhalt pr\u00e4sentieren an gro\u00dfen Gemeinschaftsst\u00e4nden zudem die Vielfalt ihrer regionalen Gewerke. Die Schirmherrschaft \u00fcbernimmt in diesem Jahr das Land Sachsen.<\/p>\n\n\n\n<p class=\"has-black-color has-text-color has-link-color wp-elements-1eecd4d92f6b9c972b524f2f6dc14899\">Fester Bestandteil der mitteldeutschen handwerksmesse ist das HANDWERKSPOLITISCHE FORUM OST, das in 2024 erstmals direkt in die Messehalle 5 zieht. Dazu ist das HAFO in 2024 mit einer Dauer von zwei Tagen l\u00e4nger denn je. Am Mittwoch, den 14. Februar, bringt die \u00f6ffentlichkeitswirksame Plattform hochkar\u00e4tige G\u00e4ste aus Politik, Handwerk, Wirtschaft und Wissenschaft miteinander ins Gespr\u00e4ch. Im HANDWERKSPOLITISCHEN FORUM OST werden aktuelle Herausforderungen und L\u00f6sungsans\u00e4tze f\u00fcr die Branche zum Thema <strong>&nbsp;\u201e<\/strong>Selbst\u00e4ndigkeit im Handwerk als Lebensperspektive\u201c diskutiert. Am Messedonnerstag, den 15. Februar, finden Vortr\u00e4ge und Diskussionen zu aktuellen Themen des Handwerks statt.<\/p>\n\n\n\n<p class=\"has-black-color has-text-color has-link-color wp-elements-ecdbb20f93063fbabf81b3cd1ea2b163\"><strong>Jetzt Tickets sichern<\/strong><\/p>\n\n\n\n<p class=\"has-black-color has-text-color has-link-color wp-elements-74c5e0647dff4be80955b6d4b4358df6\">Der Ticketvorverkauf f\u00fcr die HAUS-GARTEN-FREIZEIT und mitteldeutsche handwerksmesse 2024 hat begonnen. Die Tageskarte vorab im Online-Ticketshop zu kaufen spart nicht nur Zeit beim Einlass, sondern auch Geld. Statt f\u00fcr den regul\u00e4ren Preis von 17 Euro gibt es die Karte online bereits f\u00fcr 15 Euro \u2013 auch erm\u00e4\u00dfigte Karten sind im Vorverkauf zwei Euro g\u00fcnstiger. Am 10. und 11. Februar ist der Besuch der parallel stattfindenden Motorrad Messe Leipzig in der Messehalle 4 im Ticketpreis inbegriffen. Mit der Tageskarte sind Besucherinnen und Besucher zudem nachhaltig und kosteng\u00fcnstig unterwegs, denn sie gilt in ausgew\u00e4hlten Tarifzonen des Mitteldeutschen Verkehrsverbunds (MDV) als Fahrkarte im \u00f6ffentlichen Nahverkehr.<\/p>\n\n\n\n<p class=\"has-black-color has-text-color has-link-color wp-elements-74e262e4b729188daebd0e5b9ed0d321\"><strong>\u00dcber die HAUS-GARTEN-FREIZEIT<\/strong><\/p>\n\n\n\n<p class=\"has-black-color has-text-color has-link-color wp-elements-f79a769396c703f86818b0c77c157072\">Die HAUS-GARTEN-FREIZEIT ist eine der gr\u00f6\u00dften und erfolgreichsten Publikumsmessen Deutschlands. Seit 1991 pr\u00e4sentieren eine Vielzahl nationaler sowie internationaler Aussteller aus verschiedensten Bereichen ihre Produkte und Neuheiten. Vielf\u00e4ltige Erlebnisbereiche und Sonderschauen runden das Messeerlebnis ab. Zudem wird das vielf\u00e4ltige Angebot durch die mitteldeutsche handwerksmesse mit ihrer Individualit\u00e4t handwerklicher Produkte und Dienstleistungen erweitert. 2024 feiert die mitteldeutsche handwerksmesse mit ihrer 25. Auflage das Silberjubil\u00e4um. Das Messedoppel lockte 2023 164.200 Besucher und rund 660 Aussteller aus dem In- und Ausland in die Hallen der Leipziger Messe.<\/p>\n\n\n\n<p><strong>Der Messeverbund im Internet:<\/strong><br><a href=\"https:\/\/www.haus-garten-freizeit.de\" target=\"_blank\" rel=\"noopener\" title=\"\">www.haus-garten-freizeit.de<\/a><br><a href=\"https:\/\/www.handwerksmesse-leipzig.de\" target=\"_blank\" rel=\"noopener\" title=\"\">www.handwerksmesse-leipzig.de<\/a><br><a href=\"https:\/\/www.leipziger-messe.de\" target=\"_blank\" rel=\"noopener\" title=\"\">www.leipziger-messe.de<\/a><\/p>\n\n\n\n<p><strong><a href=\"https:\/\/wirtschaftspost-online.de\/?page_id=6091\" title=\"\"><em>Link zur WIRTSCHAFTSPOST-Partnerseite der Leipziger Messe<\/em><\/a><\/strong><br><br><br><br><br><br><\/p>\n","protected":false},"excerpt":{"rendered":"<p>Mit dem Messedoppel erfolgreich ins Fr\u00fchjahr starten Vom 10. bis 18. Februar 2024 machen die HAUS-GARTEN-FREIZEIT und die mitteldeutsche handwerksmesse Vielfalt wieder erlebbar. Neun Tage lang wird aus der Leipziger Messe eine bunte Inspirationslandschaft mit Trends f\u00fcr Heim und Garten, <a class=\"more-link\" href=\"https:\/\/wirtschaftspost-online.de\/?p=6156\">[ . . . ]<\/a><\/p>\n","protected":false},"author":4,"featured_media":0,"comment_status":"closed","ping_status":"closed","sticky":false,"template":"","format":"standard","meta":{"footnotes":""},"categories":[1],"tags":[],"class_list":["post-6156","post","type-post","status-publish","format-standard","hentry","category-allgemein"],"aioseo_notices":[],"_links":{"self":[{"href":"https:\/\/wirtschaftspost-online.de\/index.php?rest_route=\/wp\/v2\/posts\/6156","targetHints":{"allow":["GET"]}}],"collection":[{"href":"https:\/\/wirtschaftspost-online.de\/index.php?rest_route=\/wp\/v2\/posts"}],"about":[{"href":"https:\/\/wirtschaftspost-online.de\/index.php?rest_route=\/wp\/v2\/types\/post"}],"author":[{"embeddable":true,"href":"https:\/\/wirtschaftspost-online.de\/index.php?rest_route=\/wp\/v2\/users\/4"}],"replies":[{"embeddable":true,"href":"https:\/\/wirtschaftspost-online.de\/index.php?rest_route=%2Fwp%2Fv2%2Fcomments&post=6156"}],"version-history":[{"count":5,"href":"https:\/\/wirtschaftspost-online.de\/index.php?rest_route=\/wp\/v2\/posts\/6156\/revisions"}],"predecessor-version":[{"id":6197,"href":"https:\/\/wirtschaftspost-online.de\/index.php?rest_route=\/wp\/v2\/posts\/6156\/revisions\/6197"}],"wp:attachment":[{"href":"https:\/\/wirtschaftspost-online.de\/index.php?rest_route=%2Fwp%2Fv2%2Fmedia&parent=6156"}],"wp:term":[{"taxonomy":"category","embeddable":true,"href":"https:\/\/wirtschaftspost-online.de\/index.php?rest_route=%2Fwp%2Fv2%2Fcategories&post=6156"},{"taxonomy":"post_tag","embeddable":true,"href":"https:\/\/wirtschaftspost-online.de\/index.php?rest_route=%2Fwp%2Fv2%2Ftags&post=6156"}],"curies":[{"name":"wp","href":"https:\/\/api.w.org\/{rel}","templated":true}]}}