{"id":6165,"date":"2023-12-20T20:07:36","date_gmt":"2023-12-20T19:07:36","guid":{"rendered":"https:\/\/wirtschaftspost-online.de\/?p=6165"},"modified":"2023-12-22T09:47:29","modified_gmt":"2023-12-22T08:47:29","slug":"axel-meyer-uebernimmt-leitung-des-versandzentrums-von-hermes-fulfilment-im-suedhafen-haldensleben","status":"publish","type":"post","link":"https:\/\/wirtschaftspost-online.de\/?p=6165","title":{"rendered":"Axel Meyer \u00fcbernimmt Leitung des Versandzentrums von Hermes Fulfilment im S\u00fcdhafen Haldensleben"},"content":{"rendered":"\n<p class=\"has-black-color has-text-color has-link-color wp-elements-95a2f88fd9d362598f3b8bbe27e37aeb\"><strong>Hamburg\/Haldensleben, 20. Dezember 2023 \u2013 Axel Meyer (49) wird zum 1. Januar 2024 neuer Leiter des Versandzentrums von Hermes Fulfilment im S\u00fcdhafen Haldensleben. Er folgt auf Sven Uebrig (53), der die Leitung f\u00fcnf Jahre lang innehatte und Hermes Fulfilment in einer neuen verantwortlichen Position am Standort Haldensleben erhalten bleiben wird.<\/strong><\/p>\n\n\n<div class=\"wp-block-image\">\n<figure data-wp-context=\"{&quot;imageId&quot;:&quot;69f2902ac71f1&quot;}\" data-wp-interactive=\"core\/image\" class=\"alignright size-medium is-resized wp-lightbox-container\"><img loading=\"lazy\" decoding=\"async\" width=\"300\" height=\"275\" data-wp-class--hide=\"state.isContentHidden\" data-wp-class--show=\"state.isContentVisible\" data-wp-init=\"callbacks.setButtonStyles\" data-wp-on-async--click=\"actions.showLightbox\" data-wp-on-async--load=\"callbacks.setButtonStyles\" data-wp-on-async-window--resize=\"callbacks.setButtonStyles\" src=\"https:\/\/wirtschaftspost-online.de\/wp-content\/uploads\/2023\/12\/Axel-Meyer_Hermes-300x275.jpg\" alt=\"\" class=\"wp-image-6186\" style=\"object-fit:cover;width:237px;height:auto\" srcset=\"https:\/\/wirtschaftspost-online.de\/wp-content\/uploads\/2023\/12\/Axel-Meyer_Hermes-300x275.jpg 300w, https:\/\/wirtschaftspost-online.de\/wp-content\/uploads\/2023\/12\/Axel-Meyer_Hermes-768x703.jpg 768w, https:\/\/wirtschaftspost-online.de\/wp-content\/uploads\/2023\/12\/Axel-Meyer_Hermes-650x595.jpg 650w, https:\/\/wirtschaftspost-online.de\/wp-content\/uploads\/2023\/12\/Axel-Meyer_Hermes.jpg 800w\" sizes=\"auto, (max-width: 300px) 100vw, 300px\" \/><button\n\t\t\tclass=\"lightbox-trigger\"\n\t\t\ttype=\"button\"\n\t\t\taria-haspopup=\"dialog\"\n\t\t\taria-label=\"Vergr\u00f6\u00dfern\"\n\t\t\tdata-wp-init=\"callbacks.initTriggerButton\"\n\t\t\tdata-wp-on-async--click=\"actions.showLightbox\"\n\t\t\tdata-wp-style--right=\"state.imageButtonRight\"\n\t\t\tdata-wp-style--top=\"state.imageButtonTop\"\n\t\t>\n\t\t\t<svg xmlns=\"http:\/\/www.w3.org\/2000\/svg\" width=\"12\" height=\"12\" fill=\"none\" viewBox=\"0 0 12 12\">\n\t\t\t\t<path fill=\"#fff\" d=\"M2 0a2 2 0 0 0-2 2v2h1.5V2a.5.5 0 0 1 .5-.5h2V0H2Zm2 10.5H2a.5.5 0 0 1-.5-.5V8H0v2a2 2 0 0 0 2 2h2v-1.5ZM8 12v-1.5h2a.5.5 0 0 0 .5-.5V8H12v2a2 2 0 0 1-2 2H8Zm2-12a2 2 0 0 1 2 2v2h-1.5V2a.5.5 0 0 0-.5-.5H8V0h2Z\" \/>\n\t\t\t<\/svg>\n\t\t<\/button><figcaption class=\"wp-element-caption\">Axel Meyer<\/figcaption><\/figure><\/div>\n\n\n<p class=\"has-black-color has-text-color has-link-color wp-elements-1983ca4a39092d756ecc6501b236d7e4\">Mit Axel Meyer kehrt f\u00fcr viele Kolleginnen und Kollegen \u201eein alter Bekannter\u201c an seine fr\u00fchere Wirkungsst\u00e4tte zur\u00fcck. Er war 2017 als Gruppenleiter im Wareneingang im Versandzentrum S\u00fcdhafen gestartet. Ein Jahr sp\u00e4ter wechselte er als Abteilungsleiter Kommissionierung ins gr\u00f6\u00dfere, ca. drei Kilometer Luftlinie entfernte Versandzentrum des Logistikdienstleisters an der Hamburger Stra\u00dfe. Zuletzt war Axel Meyer als Ramp-up-Manager Operations im polnischen Ilowa t\u00e4tig. Dort baut Hermes Fulfilment einen komplett neuen Standort auf, der im kommenden Fr\u00fchjahr seinen Betrieb vollst\u00e4ndig aufnehmen wird.<\/p>\n\n\n\n<p class=\"has-black-color has-text-color has-link-color wp-elements-bb7bdebd216c61c81b73252e59e9e35e\">Vorg\u00e4nger Sven Uebrig leitet seit September 2018 das Versandzentrum im S\u00fcdhafen. Es ist auf die logistische Abwicklung des kleinvolumigen Sortiments spezialisiert. Dort lagern \u00fcberwiegend Waren der Konzernhandelsfirmen OTTO, Baur und Schwab. Online bestellte Artikel werden im S\u00fcdhafen gepackt und auf den Weg zu den Endkund*innen gebracht. In Sven Uebrigs Zeit als Betriebsleiter fielen unter anderem der R\u00fcckzug von Hermes Fulfilment aus dem Mandantengesch\u00e4ft, der Boom im E-Commerce w\u00e4hrend der Corona-Pandemie und \u2013 ganz aktuell \u2013 mit rund 60 Millionen bewegten Artikeln das h\u00f6chste Mengenaufkommen, das im Versandzentrum S\u00fcdhafen bislang in einem Jahr abgewickelt wurde. K\u00fcnftig wird Sven Uebrig als Senior Program Manager die gro\u00dfen Investitionen und Projekte in Haldensleben unter Ber\u00fccksichtigung der Unternehmensstrategie planen und koordinieren.<\/p>\n\n\n\n<p class=\"has-black-color has-text-color has-link-color wp-elements-6516739c8eb933341e6084bed4c97db2\">Axel Meyer wird das Versandzentrum im S\u00fcdhafen in einem dreik\u00f6pfigen Management-Team leiten. Ihm geh\u00f6ren weiterhin Stefan Mahrholz und Ren\u00e9 Bomeier an. \u201eAuf die neue Leitung und die gesamte Mannschaft im S\u00fcdhafen warten auch in der kommenden Zeit viele gro\u00dfe Herausforderungen\u201c, ist Stefan Nie\u00dfen \u00fcberzeugt. Er ist als Cluster-Manager f\u00fcr die gesamte Paketlogistik West bei Hermes Fulfilment verantwortlich und leitet in Personalunion das Versandzentrum an der Hamburger Stra\u00dfe. Mit insgesamt rund 4.000 Mitarbeitenden, davon etwa 1.400 Besch\u00e4ftigte im S\u00fcdhafen, ist Hermes Fulfilment der gr\u00f6\u00dfte Arbeitgeber in Haldensleben.<\/p>\n\n\n\n<hr class=\"wp-block-separator has-alpha-channel-opacity\"\/>\n\n\n\n<p class=\"has-black-color has-text-color has-link-color wp-elements-acb9e172d5c3b1f12c88f9f5cd2cb0de\"><strong>\u00dcber Hermes Fulfilment:<\/strong><\/p>\n\n\n<div class=\"wp-block-image\">\n<figure class=\"alignright size-medium is-resized\"><img loading=\"lazy\" decoding=\"async\" width=\"300\" height=\"75\" src=\"https:\/\/wirtschaftspost-online.de\/wp-content\/uploads\/2023\/12\/Logo_Hermes_Fulfilment-300x75.jpg\" alt=\"\" class=\"wp-image-6189\" style=\"width:232px;height:auto\" srcset=\"https:\/\/wirtschaftspost-online.de\/wp-content\/uploads\/2023\/12\/Logo_Hermes_Fulfilment-300x75.jpg 300w, https:\/\/wirtschaftspost-online.de\/wp-content\/uploads\/2023\/12\/Logo_Hermes_Fulfilment.jpg 350w\" sizes=\"auto, (max-width: 300px) 100vw, 300px\" \/><\/figure><\/div>\n\n\n<p class=\"has-black-color has-text-color has-link-color wp-elements-024074056e1c28b705144f936cf259dc\">Die Hermes Fulfilment GmbH mit Hauptsitz in Hamburg und Standorten u. a. in Haldensleben, L\u00f6hne, Ohrdruf, Ansbach und Langenselbold sowie in Tschechien, der Schweiz und Italien \u00fcbernimmt f\u00fcr Handelsunternehmen der Otto Group sowie f\u00fcr deren Plattform-Partner die komplette Versandprozesskette. Das Unternehmen organisiert bei einer Sortimentsbreite von rund einer Million Artikeln das Warehousing (Lagerung und Verpackung) sowie die Retourenbearbeitung. Hermes Fulfilment besch\u00e4ftigt etwa 6.000 Mitarbeitende und bewegt rund 500 Millionen Artikel pro Jahr. <\/p>\n\n\n\n<p class=\"has-black-color has-text-color has-link-color wp-elements-c6cc95186b7b6a7d126c7ee911b0579c\">Weitere Informationen: <a href=\"http:\/\/www.hermes-fulfilment.de\" target=\"_blank\" rel=\"noopener\" title=\"\">www.hermes-fulfilment.de<\/a><\/p>\n","protected":false},"excerpt":{"rendered":"<p>Hamburg\/Haldensleben, 20. Dezember 2023 \u2013 Axel Meyer (49) wird zum 1. Januar 2024 neuer Leiter des Versandzentrums von Hermes Fulfilment im S\u00fcdhafen Haldensleben. Er folgt auf Sven Uebrig (53), der die Leitung f\u00fcnf Jahre lang innehatte und Hermes Fulfilment in <a class=\"more-link\" href=\"https:\/\/wirtschaftspost-online.de\/?p=6165\">[ . . . ]<\/a><\/p>\n","protected":false},"author":4,"featured_media":0,"comment_status":"closed","ping_status":"closed","sticky":false,"template":"","format":"standard","meta":{"footnotes":""},"categories":[1],"tags":[],"class_list":["post-6165","post","type-post","status-publish","format-standard","hentry","category-allgemein"],"aioseo_notices":[],"_links":{"self":[{"href":"https:\/\/wirtschaftspost-online.de\/index.php?rest_route=\/wp\/v2\/posts\/6165","targetHints":{"allow":["GET"]}}],"collection":[{"href":"https:\/\/wirtschaftspost-online.de\/index.php?rest_route=\/wp\/v2\/posts"}],"about":[{"href":"https:\/\/wirtschaftspost-online.de\/index.php?rest_route=\/wp\/v2\/types\/post"}],"author":[{"embeddable":true,"href":"https:\/\/wirtschaftspost-online.de\/index.php?rest_route=\/wp\/v2\/users\/4"}],"replies":[{"embeddable":true,"href":"https:\/\/wirtschaftspost-online.de\/index.php?rest_route=%2Fwp%2Fv2%2Fcomments&post=6165"}],"version-history":[{"count":4,"href":"https:\/\/wirtschaftspost-online.de\/index.php?rest_route=\/wp\/v2\/posts\/6165\/revisions"}],"predecessor-version":[{"id":6190,"href":"https:\/\/wirtschaftspost-online.de\/index.php?rest_route=\/wp\/v2\/posts\/6165\/revisions\/6190"}],"wp:attachment":[{"href":"https:\/\/wirtschaftspost-online.de\/index.php?rest_route=%2Fwp%2Fv2%2Fmedia&parent=6165"}],"wp:term":[{"taxonomy":"category","embeddable":true,"href":"https:\/\/wirtschaftspost-online.de\/index.php?rest_route=%2Fwp%2Fv2%2Fcategories&post=6165"},{"taxonomy":"post_tag","embeddable":true,"href":"https:\/\/wirtschaftspost-online.de\/index.php?rest_route=%2Fwp%2Fv2%2Ftags&post=6165"}],"curies":[{"name":"wp","href":"https:\/\/api.w.org\/{rel}","templated":true}]}}