{"id":6204,"date":"2024-01-18T15:17:12","date_gmt":"2024-01-18T14:17:12","guid":{"rendered":"https:\/\/wirtschaftspost-online.de\/?p=6204"},"modified":"2024-01-30T17:07:55","modified_gmt":"2024-01-30T16:07:55","slug":"happy-birthday-manga-comic-con","status":"publish","type":"post","link":"https:\/\/wirtschaftspost-online.de\/?p=6204","title":{"rendered":"Happy Birthday, Manga-Comic-Con!\u00a0"},"content":{"rendered":"\n<p><strong>Leipzig, 18. Januar 2024<\/strong><\/p>\n\n\n<div class=\"wp-block-image\">\n<figure class=\"alignright size-large is-resized\"><img loading=\"lazy\" decoding=\"async\" width=\"1024\" height=\"170\" src=\"https:\/\/wirtschaftspost-online.de\/wp-content\/uploads\/2024\/01\/manga-comic-convention-rgb-1024x170.jpg\" alt=\"\" class=\"wp-image-6205\" style=\"width:337px;height:auto\" srcset=\"https:\/\/wirtschaftspost-online.de\/wp-content\/uploads\/2024\/01\/manga-comic-convention-rgb-1024x170.jpg 1024w, https:\/\/wirtschaftspost-online.de\/wp-content\/uploads\/2024\/01\/manga-comic-convention-rgb-300x50.jpg 300w, https:\/\/wirtschaftspost-online.de\/wp-content\/uploads\/2024\/01\/manga-comic-convention-rgb-768x128.jpg 768w, https:\/\/wirtschaftspost-online.de\/wp-content\/uploads\/2024\/01\/manga-comic-convention-rgb-1536x256.jpg 1536w, https:\/\/wirtschaftspost-online.de\/wp-content\/uploads\/2024\/01\/manga-comic-convention-rgb-650x108.jpg 650w, https:\/\/wirtschaftspost-online.de\/wp-content\/uploads\/2024\/01\/manga-comic-convention-rgb-1320x220.jpg 1320w, https:\/\/wirtschaftspost-online.de\/wp-content\/uploads\/2024\/01\/manga-comic-convention-rgb.jpg 1772w\" sizes=\"auto, (max-width: 1024px) 100vw, 1024px\" \/><\/figure><\/div>\n\n\n<p><strong>10 Jahre wird sie alt \u2013 die Convention in Leipzig, auf die sich Manga-, Anime-, Comic- und Cosplay-Fans immer wieder aufs Neue im Fr\u00fchling freuen. Und wie man das von Geburtstagskindern kennt, so ist auch die Manga-Comic-Con wieder gr\u00f6\u00dfer geworden und bietet noch mehr zum Staunen und Mitmachen f\u00fcr ihre G\u00e4ste. Erstmals wird auch abends in Leipzig gefeiert \u2013 denn je \u00e4lter man wird, desto l\u00e4nger geht die Party. Was die Manga-Comic-Con schon alles erlebt hat, wird die Ausstellung \u201e10 Jahre MCC\u201c in\u00a0Halle 3 auf der Leipziger Buchmesse zeigen.<\/strong><\/p>\n\n\n\n<p>Sich in Schale werfen, ihre Stars um Autogramme bitten, die neuesten Comics, Manga, Anime, Webtoons, Computerspiele und Kinofilme sehen und andere Manga-Begeisterte treffen \u2013 darauf fiebern jetzt schon zahlreiche Besucher:innen hin, die vom 21. bis 24. M\u00e4rz nach Leipzig kommen werden, um 10 Jahre Manga-Comic-Con (MCC) zu feiern. Aber auch in Erinnerungen schwelgen, l\u00e4sst sich 2024 besonders gut: In Halle 3 an Stand J101 wird eine <strong>Ausstellung <\/strong>aufgebaut werden, die mit Zahlen, Fakten, Fotos und Konzeptzeichnungen die H\u00f6hepunkte der vergangenen Conventions wiederauferstehen l\u00e4sst. Um dies m\u00f6glichst authentisch zu gestalten, sind alle MCC-Fans aufgerufen, ihre besten Anekdoten, tollsten Momente und Fotos bis zum 28. Januar per E-Mail an <strong><a href=\"mailto:info@manga-comic-con.de\" target=\"_blank\" rel=\"noopener\" title=\"\">info@manga-comic-con.de<\/a><\/strong> zu senden. Parallel d\u00fcrfen sch\u00f6ne Erinnerungen auch gerne mit dem Hashtag <em>#10jahremcc<\/em> mit der Community in den Sozialen Netzwerken geteilt werden.<\/p>\n\n\n\n<p>Erstmals finden auch abends in Leipzig Veranstaltungen im Rahmen der MCC statt. So liest zum Beispiel die deutsche Autorin und Streamerin <strong>Liza Grimm<\/strong> aus ihrem neuen Roman \u201eUnfollow Me\u201c und bei der italienischen Comic Night stellen Graphic-Novel-K\u00fcnstler wie <strong>Paolo Bacilieri<\/strong> und <strong>Sergio Ponchione<\/strong> ihre Werke vor und diskutieren \u00fcber die Bedeutung des Genres in ihrer Heimat.&nbsp;<\/p>\n\n\n\n<p><strong>\u201eAlles au\u00dfer flach\u201c: Gastland 2024 Niederlande &amp; Flandern<\/strong><\/p>\n\n\n\n<p>Viele weitere internationale Zeichner:innen und Autor:innen werden in Leipzig zu Gast sein, insbesondere K\u00fcnstler:innen aus den <strong>Niederlanden &amp; Flandern<\/strong>, dem diesj\u00e4hrigen Gastland der Buchmesse. Angek\u00fcndigt haben sich unter anderem die Autor:innen <strong>Judith Vanistendael<\/strong> (\u201eAtan von den Kykladen\u201c erschienen bei Reprodukt), <strong>Clara Lodewick<\/strong> (\u201eMerel\u201c erschienen bei Carlsen) und <strong>Thomas Olde Heuvelt<\/strong> (\u201eNovember\u201c erschienen bei Heyne) sowie der Comic- und Graphic-Novel-Zeichner <strong>Joris Mertens<\/strong> (\u201eDas gro\u00dfe Los\u201c erschienen bei Splitter).&nbsp;<\/p>\n\n\n\n<p>Bereits ab dem 19. M\u00e4rz laden die Niederlanden &amp; Flandern zu einer <strong>Ausstellung <\/strong>ein, die sowohl die Gl\u00fccksmomente als auch die Tiefpunkte im Leben der Illustrator:innen selbst in den Mittelpunkt r\u00fcckt: \u201eSch\u00f6n mich kennenzulernen!\u201c pr\u00e4sentiert autobiografische Comics von <strong>Ephameron<\/strong>, <strong>Micky Dirkzwager<\/strong>, <strong>Maaike Hartjes<\/strong>, <strong>Bob op &#8218;t Land<\/strong>, <strong>Barbara Stok<\/strong>, <strong>Karolina Szejda<\/strong> und <strong>Judith Vanistendael<\/strong>. Weitere Informationen unter: <a href=\"https:\/\/redirect.leipziger-messe.de\/red.php?r=672597937463723&amp;lid=2797423&amp;ln=13\">www.allesausserflach.de<\/a><\/p>\n\n\n\n<p><strong>Mehr Raum f\u00fcr Kinder- und Jugendcomics aber auch f\u00fcr Politik: das Bunte Forum<\/strong><\/p>\n\n\n\n<p>Anl\u00e4sslich des 10-j\u00e4hrigen MCC-Jubil\u00e4ums wird das <strong>Bunte Forum<\/strong> in Halle 3 er\u00f6ffnet \u2013 ein neues Angebot, das die Bereiche Kinder\/Jugend und Comic\/Manga noch st\u00e4rker miteinander verschmilzt. Hier wie auch auf dem Schwarzen Sofa und der Gro\u00dfen B\u00fchne werden Auftritte und Lesungen stattfinden, die sich vor allem an das j\u00fcngere Publikum richten \u2013 aber auch politisch sein k\u00f6nnen. Zum Beispiel die Kurzcomics <strong>\u201eThe Future is\u2026\u201c<\/strong>, in denen 14 K\u00fcnstlerinnen aktuelle Debatten um Klima, Gender und Technologie fantasievoll und facettenreich weitergesponnen haben und ihre Visionen sch\u00f6ner, schrecklicher und \u00fcberraschender neuer Welten skizzieren.&nbsp;<\/p>\n\n\n\n<p>Auch zu Gast im Bunten Forum werden der <strong>Lappan Verlag<\/strong> und das <strong>LawCom.Institute<\/strong> sein und den Cartoonband <strong>\u201eWir haben die Wahl!\u201c<\/strong> vorstellen. In dem Band versammelt Herausgeber <strong>Christian Langer<\/strong> die Beitr\u00e4ge von K\u00fcnstler:innen aus f\u00fcnf Kontinenten zum Thema Demokratie und Rechtsstaat und kombiniert sie mit Beitr\u00e4gen bekannter Pers\u00f6nlichkeiten aus der Politik.&nbsp;<\/p>\n\n\n\n<p><strong>Endlich auch auf der Manga-Comic-Con vertreten: das Rollenspiel<\/strong><\/p>\n\n\n\n<p>Gute Neuigkeiten f\u00fcr Gaming-Fans: Der Ausstellungsbereich \u201eGaming Zone\u201c wurde vergr\u00f6\u00dfert und einzelne Aussteller wie <strong>Ulisses Spiele<\/strong> pr\u00e4sentieren hier erstmals Angebote zum Thema Rollenspiel. Im Rahmen des beliebten Event-Formats <strong>Pen&amp;Paper<\/strong> erwartet die MCC-Besucher:innen am 22. M\u00e4rz auf der Gro\u00dfen B\u00fchne ein mitrei\u00dfendes Abenteuer: Die <strong>Phantastische Akademie e. V. <\/strong>&amp; Questmarker haben eine kreative Runde aus Fantasy- und Romance-Autor:innen zu einem Rollenspiel eingeladen: Unter der Spielleitung von <strong>Christoph Hardebusch<\/strong> werfen <strong>Liza Grimm<\/strong>, <strong>Anabelle Stehl<\/strong> und <strong>Mikkel Robrahn<\/strong> die W\u00fcrfel \u2013 und das Publikum kann live erleben, wie sie die spannende Geschichte in einer fantastischen Welt durch ihre Entscheidungen vorantreiben.&nbsp;<\/p>\n\n\n\n<p><strong>Berufswunsch Mangazeichner:in? Profis erkl\u00e4ren, wie\u2019s geht.<\/strong><\/p>\n\n\n\n<p>Nicht nur aus Asien, auch aus Deutschland kommen viele der Manga- und Webtoon-Stars. Comiczeichnen kann man sogar studieren. Wer mehr \u00fcber berufliche Perspektiven erfahren m\u00f6chte, besucht am 21. M\u00e4rz um 16:30 Uhr das Schwarze Sofa. <strong>Yunuyei <\/strong>moderiert die vom Verein <strong>ArtMacoro <\/strong>organisierte <strong>Podiumsdiskussion<\/strong>. Einblicke in die Branche geben <strong>Melanie Schober<\/strong> (\u201ePersonal Paradise\u201c-Reihe, erschienen bei Carlsen), <strong>Martina Peters<\/strong> \u201eFocus 10\u201c, erschienen bei Carlsen), <strong>Sozan Coskun<\/strong> (\u201eGreen Garden\u201c, erschienen bei Altraverse) sowie <strong>Racami <\/strong>(\u201eZuckerwasser\u201c, erschienen bei Altraverse).<\/p>\n\n\n\n<p>Wer direkt loslegen will, besucht am 23. M\u00e4rz den <strong>Workshop <\/strong>mit der Zeichnerin <strong>Emiko Takano<\/strong>. Die Sch\u00f6pferin des MCC-Maskottchens MaCoCo erkl\u00e4rt dort, wie man eine Manga-Figur entwickelt und zeichnet. Ebenfalls praktische Tipps vermittelt der <strong>Workshop von ArtMacoro zum Manga- und Webtoonzeichnen mit Clip Studio Paint<\/strong>. In dem Vortrag am 21. M\u00e4rz auf dem Schwarzen Sofa lernt man von 11:30 bis 12:30 Uhr mit Hilfe der App, seine eigenen Manga- und Webtoon-Ideen wahr werden zu lassen.<\/p>\n\n\n\n<p><strong>Licht und Schatten \u2013 noch mehr Einblicke in die Praxis<\/strong><\/p>\n\n\n\n<p>Auf dem Schwarzen Sofa spricht die K\u00fcnstlerin <strong>kandismon <\/strong>am 23. M\u00e4rz ab 12:30 Uhr bei <strong>\u201e#muted &#8211; mit dem eigenen Webtoon zum Erfolg\u201c<\/strong> von den Herausforderungen aber auch den Chancen, die man als deutsche K\u00fcnstlerin auf dem globalen Markt hat. Ab M\u00e4rz 2024 wird ihr erfolgreicher Webtoon \u201e#muted\u201c durch <strong>papertoons <\/strong>ver\u00f6ffentlicht.&nbsp;<\/p>\n\n\n\n<p>Genauso wie Zeichnende sind auch \u00dcbersetzende nicht vor den T\u00fccken des Branchenalltags gefeit. Davon berichten am 24. M\u00e4rz <strong>Cheyenne Drei\u00dfigacker<\/strong>, <strong>Diana Hesse<\/strong> und <strong>Doreaux Zwetkow<\/strong> bei <strong>\u201eDrei Mal Yabai und die Optionen sind allerlei\u201c<\/strong>. Auf dem Schwarzen Sofa geben sie ab 13 Uhr authentische Einblicke in die Kunst und Qual des Manga-\u00dcbersetzens.<\/p>\n\n\n\n<p><strong>\u00d6ffnungszeiten und Preise<\/strong><\/p>\n\n\n\n<p>Die Leipziger Buchmesse im Verbund mit der Manga-Comic-Con sowie dem Lesefest Leipzig liest \u00f6ffnet vom 21. bis 24. M\u00e4rz. Tickets gibt es ab dem 5. Dezember unter <a href=\"https:\/\/redirect.leipziger-messe.de\/red.php?r=672597937463723&amp;lid=2797423&amp;ln=14\" target=\"_blank\" rel=\"noopener\" title=\"\">www.leipziger-buchmesse.de<\/a>. Dort sind bereits alle Ticketkategorien und -preise ver\u00f6ffentlicht.\u00a0<\/p>\n\n\n\n<p><strong>\u00dcber die Leipziger Buchmesse<\/strong><\/p>\n\n\n\n<p>Die Leipziger Buchmesse ist der wichtigste Fr\u00fchjahrstreff der Buch- und Medienbranche und versteht sich als Messe f\u00fcr Leser:innen, Autor:innen und Verlage. Sie pr\u00e4sentiert die Neuerscheinungen des Fr\u00fchjahrs, aktuelle Themen und Trends und zeigt neben junger deutschsprachiger Literatur auch Neues aus Mittel- und Osteuropa. Gastland der Leipziger Buchmesse 2024 ist Niederlande &amp; Flandern. Durch die einzigartige Verbindung von Messe und \u201eLeipzig liest\u201c \u2013 dem gr\u00f6\u00dften europ\u00e4ischen Lesefest \u2013 hat sich die Buchmesse zu einem Publikumsmagneten entwickelt. Im Verbund mit der Leipziger Buchmesse \u00f6ffnet die Manga-Comic-Con (MCC) in Halle 1 und Halle 3. Zur letzten Veranstaltung pr\u00e4sentierten 2.082 Aussteller:innen aus 40 L\u00e4ndern die Novit\u00e4ten des Fr\u00fchjahrs und begeisterten damit auf dem Messegel\u00e4nde sowie in der gesamten Stadt 274.000 Besucher:innen.&nbsp;<\/p>\n\n\n\n<p><em><strong><a href=\"https:\/\/wirtschaftspost-online.de\/?page_id=6091\" title=\"\">Link zur WIRTSCHAFTSPOST-Partnerseite der Leipziger Messe<\/a><\/strong><\/em><\/p>\n","protected":false},"excerpt":{"rendered":"<p>Leipzig, 18. Januar 2024 10 Jahre wird sie alt \u2013 die Convention in Leipzig, auf die sich Manga-, Anime-, Comic- und Cosplay-Fans immer wieder aufs Neue im Fr\u00fchling freuen. Und wie man das von Geburtstagskindern kennt, so ist auch die <a class=\"more-link\" href=\"https:\/\/wirtschaftspost-online.de\/?p=6204\">[ . . . ]<\/a><\/p>\n","protected":false},"author":4,"featured_media":0,"comment_status":"closed","ping_status":"closed","sticky":false,"template":"","format":"standard","meta":{"footnotes":""},"categories":[1],"tags":[],"class_list":["post-6204","post","type-post","status-publish","format-standard","hentry","category-allgemein"],"aioseo_notices":[],"_links":{"self":[{"href":"https:\/\/wirtschaftspost-online.de\/index.php?rest_route=\/wp\/v2\/posts\/6204","targetHints":{"allow":["GET"]}}],"collection":[{"href":"https:\/\/wirtschaftspost-online.de\/index.php?rest_route=\/wp\/v2\/posts"}],"about":[{"href":"https:\/\/wirtschaftspost-online.de\/index.php?rest_route=\/wp\/v2\/types\/post"}],"author":[{"embeddable":true,"href":"https:\/\/wirtschaftspost-online.de\/index.php?rest_route=\/wp\/v2\/users\/4"}],"replies":[{"embeddable":true,"href":"https:\/\/wirtschaftspost-online.de\/index.php?rest_route=%2Fwp%2Fv2%2Fcomments&post=6204"}],"version-history":[{"count":3,"href":"https:\/\/wirtschaftspost-online.de\/index.php?rest_route=\/wp\/v2\/posts\/6204\/revisions"}],"predecessor-version":[{"id":6233,"href":"https:\/\/wirtschaftspost-online.de\/index.php?rest_route=\/wp\/v2\/posts\/6204\/revisions\/6233"}],"wp:attachment":[{"href":"https:\/\/wirtschaftspost-online.de\/index.php?rest_route=%2Fwp%2Fv2%2Fmedia&parent=6204"}],"wp:term":[{"taxonomy":"category","embeddable":true,"href":"https:\/\/wirtschaftspost-online.de\/index.php?rest_route=%2Fwp%2Fv2%2Fcategories&post=6204"},{"taxonomy":"post_tag","embeddable":true,"href":"https:\/\/wirtschaftspost-online.de\/index.php?rest_route=%2Fwp%2Fv2%2Ftags&post=6204"}],"curies":[{"name":"wp","href":"https:\/\/api.w.org\/{rel}","templated":true}]}}