{"id":6216,"date":"2024-01-22T11:16:08","date_gmt":"2024-01-22T10:16:08","guid":{"rendered":"https:\/\/wirtschaftspost-online.de\/?p=6216"},"modified":"2024-01-30T17:19:17","modified_gmt":"2024-01-30T16:19:17","slug":"die-16-automobilmesse-erfurt-2024-mehr-marken-mehr-aussteller-mehr-erleben-mitteldeutschlands-groesste-messefuer-mobilitaet-automobil-und-tuning-startet","status":"publish","type":"post","link":"https:\/\/wirtschaftspost-online.de\/?p=6216","title":{"rendered":"Die 16. Automobilmesse Erfurt 2024 \u2013\u201eMehr Marken, mehr Aussteller, mehr Erleben\u201c"},"content":{"rendered":"\n<h2 class=\"wp-block-heading\">Mitteldeutschlands gr\u00f6\u00dfte Messe f\u00fcr Mobilit\u00e4t, Automobil und Tuning startet<\/h2>\n\n\n\n<p>Erfurt, 22. Januar 2024<\/p>\n\n\n\n<figure class=\"wp-block-image size-full\"><img loading=\"lazy\" decoding=\"async\" width=\"1280\" height=\"456\" src=\"https:\/\/wirtschaftspost-online.de\/wp-content\/uploads\/2024\/01\/logo-automesse-erfurt-2024-1.jpg\" alt=\"\" class=\"wp-image-6239\" srcset=\"https:\/\/wirtschaftspost-online.de\/wp-content\/uploads\/2024\/01\/logo-automesse-erfurt-2024-1.jpg 1280w, https:\/\/wirtschaftspost-online.de\/wp-content\/uploads\/2024\/01\/logo-automesse-erfurt-2024-1-300x107.jpg 300w, https:\/\/wirtschaftspost-online.de\/wp-content\/uploads\/2024\/01\/logo-automesse-erfurt-2024-1-1024x365.jpg 1024w, https:\/\/wirtschaftspost-online.de\/wp-content\/uploads\/2024\/01\/logo-automesse-erfurt-2024-1-768x274.jpg 768w, https:\/\/wirtschaftspost-online.de\/wp-content\/uploads\/2024\/01\/logo-automesse-erfurt-2024-1-650x232.jpg 650w\" sizes=\"auto, (max-width: 1280px) 100vw, 1280px\" \/><\/figure>\n\n\n\n<p>Die <strong>Automobilmesse Erfurt<\/strong>, Mitteldeutschlands gr\u00f6\u00dfte Messe f\u00fcr Mobilit\u00e4t, Automobil und Tuning, er\u00f6ffnet am Freitag, den 26. Januar 2024, auf dem Erfurter Messegel\u00e4nde die neue Automobilsaison mit einem Ausstellerrekord. Die diesj\u00e4hrige Messe bietet mit 37 Automobilmarken in 3 ausgebuchten Messehallen ein Rekordangebot sowie Ausstellungsund Show-Bereiche im Au\u00dfengel\u00e4nde und pr\u00e4sentiert \u00fcber 130 lokale, regionale, \u00fcberregionale und auch internationale Aussteller aus Kfz-Handel und Kfz-Gewerbe, Automobilhersteller, Mobilit\u00e4ts-Dienstleister, Aus- und Weiterbildung, Zuliefererindustrie. Die Messeinhalte umfassen Automobil und Mobilit\u00e4t, mit einem Schwerpunkt auf Zukunftsthemen und -entwicklungen zur Mobilit\u00e4t, Elektromobilit\u00e4t und Smart City Konzepten. Es werden die neuesten Trends im Tuning-Bereich gezeigt, sowie Zukunftsthemen von Automobilindustrie und -handel, Kfz-Gewerbe auf verschiedenen St\u00e4nden, Foren und Podien aufgegriffen, pr\u00e4sentiert und diskutiert.<br><\/p>\n\n\n\n<p><strong>Traditionell wird am Donnerstag, 25. Januar 2024, um 18 Uhr die Er\u00f6ffnungsfeier der 16. Automobilmesse Erfurt unter Anwesenheit des Ministerpr\u00e4sidenten des Freistaates Th\u00fcringen, Bodo Ramelow und des Oberb\u00fcrgermeisters der Landeshauptstadt Erfurt, Andreas Bausewein stattfinden<\/strong>, die j\u00e4hrlich die Bedeutung der Erfurter Automobilmesse als Highlight zum Saisonstart und als Leitmesse f\u00fcr eine der wichtigsten Wirtschaftsbranchen des Freistaates Th\u00fcringen und \u00fcber dessen Grenzen hinaus hervorheben. Die Anwesenheit des Hauptgesch\u00e4ftsf\u00fchrers des Zentralverbands Deutsches Kraftfahrzeuggewerbe, Dr. Kurt -Christian Scheel und des Pr\u00e4sidenten des KfZ-Landesverbandes Th\u00fcringen, Helmut Peter, unterstreichen die Bedeutung der Messe f\u00fcr die Branche.<\/p>\n\n\n\n<h2 class=\"wp-block-heading\"><strong>Neuer Marken- und Ausstellerrekord<\/strong><\/h2>\n\n\n\n<p>Den Besucherinnen und Besuchern er\u00f6ffnet sich mit 37 Automobilmarken und \u00fcber 130 Ausstellern, u.a. auch aus \u00d6sterreich, Finnland und Ungarn, eine nie dagewesene automobile Angebotsvielfalt mit einem Schwerpunkt auf Zukunftsthemen und -entwicklungen zur Mobilit\u00e4t, Elektromobilit\u00e4t und Konzepten zur Smart City der Zukunft. Mit zahlreichen Messepremieren und Neuvorstellungen der Hersteller, den neuesten Tuning-Trends und exotischen Supersportlern sowie Oldtimern bis hin zum Motorsport ist die ganze Bandbreite des Automobils zu erleben.<br>Einen Schwerpunkt bilden hier \u201eAlternative Antriebskonzepte\u201c auf der Erfurter Messe. Auf fast allen H\u00e4ndlerst\u00e4nden sind, neben den immer st\u00e4rker verbrauchsoptimierten Benzin und Dieselmodellen, mittlerweile die spannendsten Modelle mit Antriebsalternativen zu finden. Die Bandbreite der vollelektrischen Neuheiten ist in diesem Jahr besonders gro\u00df.<\/p>\n\n\n\n<h2 class=\"wp-block-heading\"><strong>Messe-Sonderbereich &#8222;Praxis trifft Zukunft &#8211; Das Kfz-Handwerk in Th\u00fcringen&#8220;<\/strong><\/h2>\n\n\n\n<p>Im vergangenen Jahr erfolgreich gestartet, b\u00fcndelt der Messe-Sonderbereich \u201ePraxis trifft Zukunft &#8211; Das Kfz-Handwerk in Th\u00fcringen\u201c, der in Zusammenarbeit mit dem Kfz-Gewerbe und dem Handel gestaltet wird, Informationen f\u00fcr zuk\u00fcnftige Fach- und Arbeitskr\u00e4fte im Arbeitsmarkt (Auto)Mobilit\u00e4t f\u00fcr Schulen, Aus- und Weiterbildungseinrichtungen angeboten. Sch\u00fclerinnen und Sch\u00fcler k\u00f6nnen \u00fcber ihre Schulen kostenfrei mit einer Begleitperson die Messe besuchen, um sich \u00fcber die neuesten Berufsbilder und Entwicklungen im Arbeitsmarkt im Kfz-Handwerk und -Handel zu informieren sowie \u00fcber Ausbildungsm\u00f6glichkeiten, Ausbildungs- und Studienangebote. Die Th\u00fcringer Schulen wurden hierzu direkt informiert. Die Sch\u00fclerinnen und Sch\u00fcler kommen dabei direkt mit Aus- und Weiterbildungsbetrieben ins Gespr\u00e4ch sowie mit Azubis, die \u00fcber ihre beruflichen Erfahrungen berichten und so Orientierung geben und Wissen f\u00fcr die Berufswahl vermitteln. Ziel ist es, mehr Sch\u00fclerinnen und Sch\u00fcler f\u00fcr die vielf\u00e4ltigen Ausbildungsberufe zu begeistern und aktiv dem Fachkr\u00e4ftemangel zu begegnen. Zahlreiche Interaktionen und Exponate gew\u00e4hren den Sch\u00fclerinnen und Sch\u00fclern Einblicke in die multiplexen T\u00e4tigkeits- und Aufgabengebiete der Branche und bieten eine Entscheidungshilfe f\u00fcr die Zukunftspl\u00e4ne der Jugendlichen.<\/p>\n\n\n\n<p><strong>Die Tuningmesse Erfurt<\/strong><\/p>\n\n\n\n<p>F\u00fcr viele Besucher ist j\u00e4hrlich die Tuningmesse Erfurt ein Highlight, die w\u00e4hrend der Automobilmesse Erfurt in Halle 3 zu finden ist. Integraler Bestandteil ist wieder das markenunabh\u00e4ngige Tuningtreffen League of Stance. Individualit\u00e4ts-Fanatiker, Auto- Enthusiasten und PS-Fans k\u00f6nnen sich hier \u00fcber die neuesten Trends informieren und au\u00dfergew\u00f6hnliche Umbauten bestaunen. Besuchermagnet wird dabei die gro\u00dfe Show-Car- Area sein, die wieder die ganze Bandbreite von Tuningm\u00f6glichkeiten pr\u00e4sentiert. Zu den festen Programmpunkten der Automobilmesse Erfurt und der dazugeh\u00f6rigen Tuningmesse geh\u00f6ren zudem die Drift-Shows und Drift-Taxifahrten auf dem Freigel\u00e4nde der Messe, die in diesem Jahr am Samstag und Sonntag stattfinden.<\/p>\n\n\n\n<p><strong>Automotive-Influencer, Motorsport- und regionale Sportstars auf der Messe<\/strong><\/p>\n\n\n\n<p>Mit dem Automotive-Influencer GERCOLLECTOR besucht Deutschlands derzeit erfolgreichster Social Media Star im Automobilbereich die Automobilmesse Erfurt, der \u00fcber seine Kan\u00e4le bei Instagram 1,4 Mio. und auf YouTube knapp 300.000 Automobilfans erreicht. Interviews und Autogrammstunden finden mit ihm am Sonntag, 28.1.24 um 11, 13 und 15 Uhr statt.<br>Auf der Messe werden zudem aktuelle Rennfahrerinnen und Rennfahrer f\u00fcr Gespr\u00e4che und Autogramme zur Verf\u00fcgung stehen, so GT-Fahrerin Sally Erdmann, die in diesem Jahr in der Rennserie GTC Race startet und Dominique Schaak, Fahrer der NASCAR Euro Series.<br>Zu Autogrammstunden werden zudem die Teams des FC Rot Wei\u00df Erfurt sowie der TecArt Black Dragons erwartet.<\/p>\n\n\n\n<h2 class=\"wp-block-heading\"><strong>NEU \u2013 Freitag-Nachmittagsticket auf der Automobilmesse Erfurt<\/strong><\/h2>\n\n\n\n<p>Automobilbegeisterte Besucherinnen und Besucher, die Geld sparen m\u00f6chten, erhalten in diesem Jahr mit dem neu eingef\u00fchrten Nachmittagsticket ein besonderes Angebot. Ab 16 Uhr kann man f\u00fcr nur 8 Euro die Messe besuchen.<\/p>\n\n\n\n<p><strong>\u00d6ffnungszeiten:<\/strong><br>Freitag 12:00 \u2013 20:00 Uhr<br>Samstag + Sonntag 09:00 \u2013 18:00 Uhr<\/p>\n\n\n\n<p>Internet:\u00a0<a href=\"http:\/\/www.automobilmesse-erfurt.de\/\" target=\"_blank\" rel=\"noopener\" title=\"\">www.automobilmesse-erfurt.de<\/a><\/p>\n","protected":false},"excerpt":{"rendered":"<p>Mitteldeutschlands gr\u00f6\u00dfte Messe f\u00fcr Mobilit\u00e4t, Automobil und Tuning startet Erfurt, 22. Januar 2024 Die Automobilmesse Erfurt, Mitteldeutschlands gr\u00f6\u00dfte Messe f\u00fcr Mobilit\u00e4t, Automobil und Tuning, er\u00f6ffnet am Freitag, den 26. Januar 2024, auf dem Erfurter Messegel\u00e4nde die neue Automobilsaison mit einem <a class=\"more-link\" href=\"https:\/\/wirtschaftspost-online.de\/?p=6216\">[ . . . ]<\/a><\/p>\n","protected":false},"author":4,"featured_media":0,"comment_status":"closed","ping_status":"closed","sticky":false,"template":"","format":"standard","meta":{"footnotes":""},"categories":[1],"tags":[],"class_list":["post-6216","post","type-post","status-publish","format-standard","hentry","category-allgemein"],"aioseo_notices":[],"_links":{"self":[{"href":"https:\/\/wirtschaftspost-online.de\/index.php?rest_route=\/wp\/v2\/posts\/6216","targetHints":{"allow":["GET"]}}],"collection":[{"href":"https:\/\/wirtschaftspost-online.de\/index.php?rest_route=\/wp\/v2\/posts"}],"about":[{"href":"https:\/\/wirtschaftspost-online.de\/index.php?rest_route=\/wp\/v2\/types\/post"}],"author":[{"embeddable":true,"href":"https:\/\/wirtschaftspost-online.de\/index.php?rest_route=\/wp\/v2\/users\/4"}],"replies":[{"embeddable":true,"href":"https:\/\/wirtschaftspost-online.de\/index.php?rest_route=%2Fwp%2Fv2%2Fcomments&post=6216"}],"version-history":[{"count":3,"href":"https:\/\/wirtschaftspost-online.de\/index.php?rest_route=\/wp\/v2\/posts\/6216\/revisions"}],"predecessor-version":[{"id":6240,"href":"https:\/\/wirtschaftspost-online.de\/index.php?rest_route=\/wp\/v2\/posts\/6216\/revisions\/6240"}],"wp:attachment":[{"href":"https:\/\/wirtschaftspost-online.de\/index.php?rest_route=%2Fwp%2Fv2%2Fmedia&parent=6216"}],"wp:term":[{"taxonomy":"category","embeddable":true,"href":"https:\/\/wirtschaftspost-online.de\/index.php?rest_route=%2Fwp%2Fv2%2Fcategories&post=6216"},{"taxonomy":"post_tag","embeddable":true,"href":"https:\/\/wirtschaftspost-online.de\/index.php?rest_route=%2Fwp%2Fv2%2Ftags&post=6216"}],"curies":[{"name":"wp","href":"https:\/\/api.w.org\/{rel}","templated":true}]}}