{"id":6228,"date":"2024-01-30T09:50:38","date_gmt":"2024-01-30T08:50:38","guid":{"rendered":"https:\/\/wirtschaftspost-online.de\/?p=6228"},"modified":"2024-01-30T17:25:51","modified_gmt":"2024-01-30T16:25:51","slug":"jena-strahlt-auf-internationaler-optik-leitmesse-2","status":"publish","type":"post","link":"https:\/\/wirtschaftspost-online.de\/?p=6228","title":{"rendered":"Jena strahlt auf internationaler Optik-Leitmesse"},"content":{"rendered":"\n<h2 class=\"wp-block-heading\">25 Jenaer Unternehmen pr\u00e4sentieren sich auf \u201ePhotonics West\u201c in Kalifornien<\/h2>\n\n\n\n<p class=\"has-black-color has-text-color has-link-color wp-elements-33f534e330a405354f7279eb28fa73ce\">(Jena\/ San Francisco, 29.01.2024) \u201e25 in 24\u201c \u2013 diese Zahlen bilden in diesem Jahr die Jenaer Beteiligung zur gr\u00f6\u00dften Weltleitmesse f\u00fcr Optik und Photonik ab. Ab 30. Januar pr\u00e4sentieren sich 25 Unternehmen und Einrichtungen aus der Lichtstadt auf der \u201ePhotonics West\u201c in San Francisco und stellen vor Ort ihre Produkte und L\u00f6sungen \u201emade in Jena\u201c vor.<\/p>\n\n\n\n<p class=\"has-black-color has-text-color has-link-color wp-elements-fca54f0a43cf0df3126721762256549b\">Das Spektrum der Jenaer Ausstellenden in Kalifornien reicht vom aufstrebenden Start-Up wie der ROBUST AO GmbH \u00fcber klassische Mittelst\u00e4ndler wie die GRINTECH GmbH oder LASOS Lasertechnik bis zu den gro\u00dfen Jenaer Namen wie ZEISS, JENOPTIK und SCHOTT.<\/p>\n\n\n\n<p class=\"has-black-color has-text-color has-link-color wp-elements-2b88fb1e5b64cf79049116269c58c543\">\u201eEs ist immer wieder bemerkenswert, welche geb\u00fcndelte Photonik-Kompetenz die Reise von Jena nach Kalifornien antritt\u201c, erkl\u00e4rt Wilfried R\u00f6pke, Gesch\u00e4ftsf\u00fchrer der Jenaer Wirtschaftsf\u00f6rderung. Den 25 Ausstellenden komme eine wesentliche Rolle als Sprachrohr f\u00fcr die Lichtstadt Jena zu. \u201eDiese Branchenprofis agieren als wichtige Botschafter f\u00fcr den Hightech-Standort Jena gegen\u00fcber ihren Projektpartnern, Kunden und Dienstleistern.\u201c Viele der Jenaer Firmen vermarkten seit Jahren oder Jahrzehnten erfolgreich ihre Produkte auf dem internationalen Branchentreff der Optik, Photonik und biomedizinischen Optik in Kalifornien.<\/p>\n\n\n\n<p class=\"has-black-color has-text-color has-link-color wp-elements-36a372592fb612f54070fc2b54f4ebb5\">Auch f\u00fcr Start-Ups wie die ROBUST AO bietet die Messe beste Rahmenbedingungen, wie Gesch\u00e4ftsf\u00fchrerin Dr. Claudia Reinlein wei\u00df: \u201eWir freuen uns, dieses Jahr zum ersten Mal in San Francisco dabei zu sein. F\u00fcr uns bietet die Photonics West die ideale Plattform, um sich mit Gesch\u00e4ftspartnern zu treffen und Neuigkeiten auszutauschen. Das vielf\u00e4ltige Rahmenprogramm aus Wissenschaft und industrieller Forschung erlaubt parallel zur Messe einen umfassenden Einblick in neue Entwicklungsthemen.\u201c Die Photonik-Weltleitmesse mit rund 1.200 internationalen Ausstellenden geht bis zum 2. Februar und wurde im letzten Jahr von \u00fcber 22.000 Fachleuten besucht.<\/p>\n\n\n\n<figure class=\"wp-block-image size-full\"><img loading=\"lazy\" decoding=\"async\" width=\"1417\" height=\"945\" src=\"https:\/\/wirtschaftspost-online.de\/wp-content\/uploads\/2024\/01\/PhotonicsWest2023_Foyer_Symbolbild_Foto_JenaWirtschaft-StephenPorter.jpg\" alt=\"\" class=\"wp-image-6229\" srcset=\"https:\/\/wirtschaftspost-online.de\/wp-content\/uploads\/2024\/01\/PhotonicsWest2023_Foyer_Symbolbild_Foto_JenaWirtschaft-StephenPorter.jpg 1417w, https:\/\/wirtschaftspost-online.de\/wp-content\/uploads\/2024\/01\/PhotonicsWest2023_Foyer_Symbolbild_Foto_JenaWirtschaft-StephenPorter-300x200.jpg 300w, https:\/\/wirtschaftspost-online.de\/wp-content\/uploads\/2024\/01\/PhotonicsWest2023_Foyer_Symbolbild_Foto_JenaWirtschaft-StephenPorter-1024x683.jpg 1024w, https:\/\/wirtschaftspost-online.de\/wp-content\/uploads\/2024\/01\/PhotonicsWest2023_Foyer_Symbolbild_Foto_JenaWirtschaft-StephenPorter-768x512.jpg 768w, https:\/\/wirtschaftspost-online.de\/wp-content\/uploads\/2024\/01\/PhotonicsWest2023_Foyer_Symbolbild_Foto_JenaWirtschaft-StephenPorter-650x433.jpg 650w, https:\/\/wirtschaftspost-online.de\/wp-content\/uploads\/2024\/01\/PhotonicsWest2023_Foyer_Symbolbild_Foto_JenaWirtschaft-StephenPorter-1320x880.jpg 1320w\" sizes=\"auto, (max-width: 1417px) 100vw, 1417px\" \/><figcaption class=\"wp-element-caption\"><em>In 2024 sind 25 Jenaer Unternehmen und Einrichtungen bei der Photonics West dabei <\/em> <em>(Foto: JenaWirtschaft\/ Stephen Porter).<\/em><\/figcaption><\/figure>\n\n\n\n<p class=\"has-black-color has-text-color has-link-color wp-elements-dd200415e9a818582876394f0c8087d6\"><strong>Folgende Jenaer Unternehmen sind 2024 selbst bzw. gemeinsam mit ihren US-amerikanischen Dependancen vor Ort:<\/strong><\/p>\n\n\n\n<ul class=\"has-black-color has-text-color has-link-color wp-block-list wp-elements-d2a953d224733eaba4ba9781ea7f1941\">\n<li>2b-special GmbH<\/li>\n\n\n\n<li>Active Fiber Systems GmbH<\/li>\n\n\n\n<li>ams Sensors Germany GmbH<\/li>\n\n\n\n<li>asphericon GmbH<\/li>\n\n\n\n<li>BATOP GmbH<\/li>\n\n\n\n<li>Fraunhofer Institut f\u00fcr Angewandte Optik und Feinmechanik IOF<\/li>\n\n\n\n<li>Gitterwerk GmbH<\/li>\n\n\n\n<li>GRINTECH GmbH<\/li>\n\n\n\n<li>Hellma Materials GmbH<\/li>\n\n\n\n<li>heracle GmbH<\/li>\n\n\n\n<li>JENOPTIK Optical Systems GmbH<\/li>\n\n\n\n<li>j-fiber GmbH<\/li>\n\n\n\n<li>Laser Imaging Systems GmbH<\/li>\n\n\n\n<li>LASOS Lasertechnik GmbH<\/li>\n\n\n\n<li>Materion Balzers Optics Jena GmbH<\/li>\n\n\n\n<li>OPTIKRON GmbH<\/li>\n\n\n\n<li>piezosystem jena GmbH<\/li>\n\n\n\n<li>Prior Scientific Instruments GmbH<\/li>\n\n\n\n<li>PWY Service GmbH &amp; Co. KG \/ LightTrans USA<\/li>\n\n\n\n<li>Quantum Optics Jena GmbH<\/li>\n\n\n\n<li>Robust AO GmbH<\/li>\n\n\n\n<li>SCHOTT AG<\/li>\n\n\n\n<li>Vistec Electron Beam GmbH<\/li>\n\n\n\n<li>VITRON Spezialwerkstoffe GmbH<\/li>\n\n\n\n<li>ZEISS Gruppe<\/li>\n<\/ul>\n","protected":false},"excerpt":{"rendered":"<p>25 Jenaer Unternehmen pr\u00e4sentieren sich auf \u201ePhotonics West\u201c in Kalifornien (Jena\/ San Francisco, 29.01.2024) \u201e25 in 24\u201c \u2013 diese Zahlen bilden in diesem Jahr die Jenaer Beteiligung zur gr\u00f6\u00dften Weltleitmesse f\u00fcr Optik und Photonik ab. Ab 30. Januar pr\u00e4sentieren sich <a class=\"more-link\" href=\"https:\/\/wirtschaftspost-online.de\/?p=6228\">[ . . . ]<\/a><\/p>\n","protected":false},"author":4,"featured_media":0,"comment_status":"closed","ping_status":"closed","sticky":false,"template":"","format":"standard","meta":{"footnotes":""},"categories":[1],"tags":[],"class_list":["post-6228","post","type-post","status-publish","format-standard","hentry","category-allgemein"],"aioseo_notices":[],"_links":{"self":[{"href":"https:\/\/wirtschaftspost-online.de\/index.php?rest_route=\/wp\/v2\/posts\/6228","targetHints":{"allow":["GET"]}}],"collection":[{"href":"https:\/\/wirtschaftspost-online.de\/index.php?rest_route=\/wp\/v2\/posts"}],"about":[{"href":"https:\/\/wirtschaftspost-online.de\/index.php?rest_route=\/wp\/v2\/types\/post"}],"author":[{"embeddable":true,"href":"https:\/\/wirtschaftspost-online.de\/index.php?rest_route=\/wp\/v2\/users\/4"}],"replies":[{"embeddable":true,"href":"https:\/\/wirtschaftspost-online.de\/index.php?rest_route=%2Fwp%2Fv2%2Fcomments&post=6228"}],"version-history":[{"count":3,"href":"https:\/\/wirtschaftspost-online.de\/index.php?rest_route=\/wp\/v2\/posts\/6228\/revisions"}],"predecessor-version":[{"id":6245,"href":"https:\/\/wirtschaftspost-online.de\/index.php?rest_route=\/wp\/v2\/posts\/6228\/revisions\/6245"}],"wp:attachment":[{"href":"https:\/\/wirtschaftspost-online.de\/index.php?rest_route=%2Fwp%2Fv2%2Fmedia&parent=6228"}],"wp:term":[{"taxonomy":"category","embeddable":true,"href":"https:\/\/wirtschaftspost-online.de\/index.php?rest_route=%2Fwp%2Fv2%2Fcategories&post=6228"},{"taxonomy":"post_tag","embeddable":true,"href":"https:\/\/wirtschaftspost-online.de\/index.php?rest_route=%2Fwp%2Fv2%2Ftags&post=6228"}],"curies":[{"name":"wp","href":"https:\/\/api.w.org\/{rel}","templated":true}]}}