{"id":7740,"date":"2024-12-01T12:45:32","date_gmt":"2024-12-01T11:45:32","guid":{"rendered":"https:\/\/wirtschaftspost-online.de\/?p=7740"},"modified":"2024-12-01T13:57:04","modified_gmt":"2024-12-01T12:57:04","slug":"traditioneller-adventsmarkt-in-woerlitz-zog-besucher-aus-nah-und-fern-an","status":"publish","type":"post","link":"https:\/\/wirtschaftspost-online.de\/?p=7740","title":{"rendered":"Traditioneller Adventsmarkt in W\u00f6rlitz zog Besucher aus Nah und Fern an"},"content":{"rendered":"<div class=\"wp-block-image\">\n<figure class=\"alignright size-large is-resized\"><img loading=\"lazy\" decoding=\"async\" width=\"1024\" height=\"733\" src=\"https:\/\/wirtschaftspost-online.de\/wp-content\/uploads\/2024\/12\/sterne-am-himmel-1024x733.jpg\" alt=\"\" class=\"wp-image-7741\" style=\"width:293px;height:auto\" srcset=\"https:\/\/wirtschaftspost-online.de\/wp-content\/uploads\/2024\/12\/sterne-am-himmel-1024x733.jpg 1024w, https:\/\/wirtschaftspost-online.de\/wp-content\/uploads\/2024\/12\/sterne-am-himmel-300x215.jpg 300w, https:\/\/wirtschaftspost-online.de\/wp-content\/uploads\/2024\/12\/sterne-am-himmel-768x550.jpg 768w, https:\/\/wirtschaftspost-online.de\/wp-content\/uploads\/2024\/12\/sterne-am-himmel-650x465.jpg 650w, https:\/\/wirtschaftspost-online.de\/wp-content\/uploads\/2024\/12\/sterne-am-himmel.jpg 1200w\" sizes=\"auto, (max-width: 1024px) 100vw, 1024px\" \/><\/figure><\/div>\n\n\n<p><strong>Vom 29. November bis 1. Dezember l\u00e4utete der \u201eErste Advent in W\u00f6rlitz\u201c die besinnliche Vorweihnachtszeit im UNESCO-Welterbe Gartenreich Dessau-W\u00f6rlitz ein. Zwischen Schloss und Park W\u00f6rlitz, der St. Petri Kirche und der historischen Kulisse der Parkstadt wurde eine einmalige Atmosph\u00e4re geboten, die bereits Jahr f\u00fcr Jahr Besucher aus Nah und Fern anlockt und verzaubert. Unter stimmungsvollen Lichtern warteten an den St\u00e4nden zahlreicher H\u00e4ndler weihnachtliche Kostbarkeiten und Gaumenfreuden sowie ein liebevolles Kulturprogramm auf die G\u00e4ste.<\/strong><\/p>\n\n\n\n<p>Traditionell findet der Markt bereits seit 1996 am Wochenende des Ersten Advents statt. Er ist eine gemeinsame Veranstaltung der Stadt Oranienbaum-W\u00f6rlitz, dem Gewerbeverein der Parkstadt und der Kulturstiftung Dessau-W\u00f6rlitz.<\/p>\n\n\n\n<p>Die Veranstalter freuten sich 2024 wieder, t\u00e4gliche Vorf\u00fchrungen des beliebten M\u00e4rchenlandes an der Luisenschule verk\u00fcnden zu d\u00fcrfen. Mit \u201eDer Wolf und die sieben Gei\u00dflein\u201c brachten die M\u00e4rchenl\u00e4nder hier eine unterhaltsame Geschichte mit humorvollem Gegenwartsbezug auf die B\u00fchne, um den kleinen und gro\u00dfen G\u00e4sten den Start in die Adventszeit zu vers\u00fc\u00dfen. Die Premiere fand am Freitag, 29. November um 17:30 statt.<\/p>\n\n\n\n<p><strong>Schloss W\u00f6rlitz &amp; Haus der F\u00fcrstin<\/strong><br>F\u00fcr das Adventswochenende erwachte Schloss W\u00f6rlitz kurzzeitig aus seinem tiefen Winterschlaf. Das war die ideale Gelegenheit f\u00fcr alle neugierigen G\u00e4ste, das Landhaus des 18. Jahrhunderts von einer neuen Seite kennenzulernen und einen Blick unter so manch sch\u00fctzende Husse zu werfen. Wer mit seinen Kindern das Schloss W\u00f6rlitz erkunden wollte, konnte bei einer Taschenlampenf\u00fchrung auf besondere Entdeckungstour gehen und im Spiel von Licht und Schatten den Blick auf besondere Details an W\u00e4nden, Decken und Kunstwerken lenken lassen.<\/p>\n\n\n\n<p><strong>Quelle:<\/strong> UNESCO-Welterbe Gartenreich \/ Kulturdstiftung Dessau-W\u00f6rlitz \/ IMG Sachsen-Anhalt<\/p>\n\n\n\n<p><strong>Anmerkung der WIRTSCHAFTSPOST:<\/strong> <br>F\u00fcr den Adventsmarkt in W\u00f6rlitz ist der Ansprechpartner der Standbetreiber nicht eine Abteilung der Stadt oder eine kommunale Gesellschaft,wie in Magdeburg, sondern in erster Linie der Gewerbeverein der Parkstadt.<\/p>\n\n\n\n<p>Vorsitzender des Gewerbevereins ist Michael Pirl, der gleichzeitig als Gesch\u00e4ftsf\u00fchrer des Ringhotels \u201eZUM STEIN\u201c jedes Jahr zahlreiche Touristen anlockt, die in W\u00f6rlitz eine ansprechende Unterkunft suchen und hier finden.<\/p>\n\n\n\n<figure class=\"wp-block-image size-large\"><a href=\"www.hotel-zum-stein.de\"><img loading=\"lazy\" decoding=\"async\" width=\"1024\" height=\"768\" src=\"https:\/\/wirtschaftspost-online.de\/wp-content\/uploads\/2024\/12\/hotel-zum-stein-web-1024x768.jpg\" alt=\"\" class=\"wp-image-7742\" srcset=\"https:\/\/wirtschaftspost-online.de\/wp-content\/uploads\/2024\/12\/hotel-zum-stein-web-1024x768.jpg 1024w, https:\/\/wirtschaftspost-online.de\/wp-content\/uploads\/2024\/12\/hotel-zum-stein-web-300x225.jpg 300w, https:\/\/wirtschaftspost-online.de\/wp-content\/uploads\/2024\/12\/hotel-zum-stein-web-768x576.jpg 768w, https:\/\/wirtschaftspost-online.de\/wp-content\/uploads\/2024\/12\/hotel-zum-stein-web-650x488.jpg 650w, https:\/\/wirtschaftspost-online.de\/wp-content\/uploads\/2024\/12\/hotel-zum-stein-web-261x196.jpg 261w, https:\/\/wirtschaftspost-online.de\/wp-content\/uploads\/2024\/12\/hotel-zum-stein-web-540x406.jpg 540w, https:\/\/wirtschaftspost-online.de\/wp-content\/uploads\/2024\/12\/hotel-zum-stein-web.jpg 1200w\" sizes=\"auto, (max-width: 1024px) 100vw, 1024px\" \/><\/a><\/figure>\n\n\n\n<p>Internet:<br><em><a href=\"http:\/\/www.oranienbaum-woerlitz.de\/Tourismus-Freizeit\/\" target=\"_blank\" rel=\"noopener\" title=\"\">www.oranienbaum-woerlitz.de\/Tourismus-Freizeit\/<\/a><\/em><br><em><a href=\"http:\/\/www.hotel-zum-stein.de\" target=\"_blank\" rel=\"noopener\" title=\"\">www.hotel-zum-stein.de<\/a><\/em><\/p>\n\n\n\n<figure class=\"wp-block-image size-full\"><img loading=\"lazy\" decoding=\"async\" width=\"595\" height=\"841\" src=\"https:\/\/wirtschaftspost-online.de\/wp-content\/uploads\/2024\/12\/Woerlitzer-Adventsmarkt-Impressionen-Seite1-1.jpg\" alt=\"\" class=\"wp-image-7751\" srcset=\"https:\/\/wirtschaftspost-online.de\/wp-content\/uploads\/2024\/12\/Woerlitzer-Adventsmarkt-Impressionen-Seite1-1.jpg 595w, https:\/\/wirtschaftspost-online.de\/wp-content\/uploads\/2024\/12\/Woerlitzer-Adventsmarkt-Impressionen-Seite1-1-212x300.jpg 212w, https:\/\/wirtschaftspost-online.de\/wp-content\/uploads\/2024\/12\/Woerlitzer-Adventsmarkt-Impressionen-Seite1-1-300x424.jpg 300w\" sizes=\"auto, (max-width: 595px) 100vw, 595px\" \/><\/figure>\n\n\n\n<figure class=\"wp-block-image size-full\"><img loading=\"lazy\" decoding=\"async\" width=\"595\" height=\"842\" src=\"https:\/\/wirtschaftspost-online.de\/wp-content\/uploads\/2024\/12\/Woerlitzer-Adventsmarkt-Impressionen-seite2-.jpg\" alt=\"\" class=\"wp-image-7747\" srcset=\"https:\/\/wirtschaftspost-online.de\/wp-content\/uploads\/2024\/12\/Woerlitzer-Adventsmarkt-Impressionen-seite2-.jpg 595w, https:\/\/wirtschaftspost-online.de\/wp-content\/uploads\/2024\/12\/Woerlitzer-Adventsmarkt-Impressionen-seite2--212x300.jpg 212w, https:\/\/wirtschaftspost-online.de\/wp-content\/uploads\/2024\/12\/Woerlitzer-Adventsmarkt-Impressionen-seite2--300x425.jpg 300w\" sizes=\"auto, (max-width: 595px) 100vw, 595px\" \/><\/figure>\n","protected":false},"excerpt":{"rendered":"<p>Vom 29. November bis 1. Dezember l\u00e4utete der \u201eErste Advent in W\u00f6rlitz\u201c die besinnliche Vorweihnachtszeit im UNESCO-Welterbe Gartenreich Dessau-W\u00f6rlitz ein. Zwischen Schloss und Park W\u00f6rlitz, der St. Petri Kirche und der historischen Kulisse der Parkstadt wurde eine einmalige Atmosph\u00e4re geboten, <a class=\"more-link\" href=\"https:\/\/wirtschaftspost-online.de\/?p=7740\">[ . . . ]<\/a><\/p>\n","protected":false},"author":4,"featured_media":0,"comment_status":"closed","ping_status":"closed","sticky":false,"template":"","format":"standard","meta":{"footnotes":""},"categories":[1],"tags":[],"class_list":["post-7740","post","type-post","status-publish","format-standard","hentry","category-allgemein"],"aioseo_notices":[],"aioseo_head":"\n\t\t<!-- All in One SEO 4.9.10 - aioseo.com -->\n\t<meta name=\"description\" content=\"Vom 29. November bis 1. Dezember l\u00e4utete der \u201eErste Advent in W\u00f6rlitz\u201c die besinnliche Vorweihnachtszeit im UNESCO-Welterbe Gartenreich Dessau-W\u00f6rlitz ein. Zwischen Schloss und Park W\u00f6rlitz, der St. Petri Kirche und der historischen Kulisse der Parkstadt wurde eine einmalige Atmosph\u00e4re geboten, die bereits Jahr f\u00fcr Jahr Besucher aus Nah und Fern anlockt und verzaubert. Unter stimmungsvollen\" \/>\n\t<meta name=\"robots\" content=\"max-image-preview:large\" \/>\n\t<meta name=\"author\" content=\"Freimut Hengst\"\/>\n\t<link rel=\"canonical\" href=\"https:\/\/wirtschaftspost-online.de\/?p=7740\" \/>\n\t<meta name=\"generator\" content=\"All in One SEO (AIOSEO) 4.9.10\" \/>\n\t\t<meta property=\"og:locale\" content=\"de_DE\" \/>\n\t\t<meta property=\"og:site_name\" content=\"Wirtschaftspost-Online - Das B2B-Online-Magazin in Sachsen, Sachsen-Anhalt und Th\u00fcringen\" \/>\n\t\t<meta property=\"og:type\" content=\"article\" \/>\n\t\t<meta property=\"og:title\" content=\"Traditioneller Adventsmarkt in W\u00f6rlitz zog Besucher aus Nah und Fern an - Wirtschaftspost-Online\" \/>\n\t\t<meta property=\"og:description\" content=\"Vom 29. November bis 1. Dezember l\u00e4utete der \u201eErste Advent in W\u00f6rlitz\u201c die besinnliche Vorweihnachtszeit im UNESCO-Welterbe Gartenreich Dessau-W\u00f6rlitz ein. Zwischen Schloss und Park W\u00f6rlitz, der St. Petri Kirche und der historischen Kulisse der Parkstadt wurde eine einmalige Atmosph\u00e4re geboten, die bereits Jahr f\u00fcr Jahr Besucher aus Nah und Fern anlockt und verzaubert. Unter stimmungsvollen\" \/>\n\t\t<meta property=\"og:url\" content=\"https:\/\/wirtschaftspost-online.de\/?p=7740\" \/>\n\t\t<meta property=\"og:image\" content=\"https:\/\/wirtschaftspost-online.de\/wp-content\/uploads\/2022\/01\/Header_SZ_3.png\" \/>\n\t\t<meta property=\"og:image:secure_url\" content=\"https:\/\/wirtschaftspost-online.de\/wp-content\/uploads\/2022\/01\/Header_SZ_3.png\" \/>\n\t\t<meta property=\"article:published_time\" content=\"2024-12-01T11:45:32+00:00\" \/>\n\t\t<meta property=\"article:modified_time\" content=\"2024-12-01T12:57:04+00:00\" \/>\n\t\t<meta name=\"twitter:card\" content=\"summary\" \/>\n\t\t<meta name=\"twitter:title\" content=\"Traditioneller Adventsmarkt in W\u00f6rlitz zog Besucher aus Nah und Fern an - Wirtschaftspost-Online\" \/>\n\t\t<meta name=\"twitter:description\" content=\"Vom 29. November bis 1. Dezember l\u00e4utete der \u201eErste Advent in W\u00f6rlitz\u201c die besinnliche Vorweihnachtszeit im UNESCO-Welterbe Gartenreich Dessau-W\u00f6rlitz ein. Zwischen Schloss und Park W\u00f6rlitz, der St. Petri Kirche und der historischen Kulisse der Parkstadt wurde eine einmalige Atmosph\u00e4re geboten, die bereits Jahr f\u00fcr Jahr Besucher aus Nah und Fern anlockt und verzaubert. Unter stimmungsvollen\" \/>\n\t\t<meta name=\"twitter:image\" content=\"https:\/\/wirtschaftspost-online.de\/wp-content\/uploads\/2022\/01\/Header_SZ_3.png\" \/>\n\t\t<script type=\"application\/ld+json\" class=\"aioseo-schema\">\n\t\t\t{\"@context\":\"https:\\\/\\\/schema.org\",\"@graph\":[{\"@type\":\"BlogPosting\",\"@id\":\"https:\\\/\\\/wirtschaftspost-online.de\\\/?p=7740#blogposting\",\"name\":\"Traditioneller Adventsmarkt in W\\u00f6rlitz zog Besucher aus Nah und Fern an - Wirtschaftspost-Online\",\"headline\":\"Traditioneller Adventsmarkt in W\\u00f6rlitz zog Besucher aus Nah und Fern an\",\"author\":{\"@id\":\"https:\\\/\\\/wirtschaftspost-online.de\\\/?author=4#author\"},\"publisher\":{\"@id\":\"https:\\\/\\\/wirtschaftspost-online.de\\\/#organization\"},\"image\":{\"@type\":\"ImageObject\",\"url\":\"https:\\\/\\\/wirtschaftspost-online.de\\\/wp-content\\\/uploads\\\/2024\\\/12\\\/sterne-am-himmel.jpg\",\"@id\":\"https:\\\/\\\/wirtschaftspost-online.de\\\/?p=7740\\\/#articleImage\",\"width\":1200,\"height\":859},\"datePublished\":\"2024-12-01T12:45:32+01:00\",\"dateModified\":\"2024-12-01T13:57:04+01:00\",\"inLanguage\":\"de-DE\",\"mainEntityOfPage\":{\"@id\":\"https:\\\/\\\/wirtschaftspost-online.de\\\/?p=7740#webpage\"},\"isPartOf\":{\"@id\":\"https:\\\/\\\/wirtschaftspost-online.de\\\/?p=7740#webpage\"},\"articleSection\":\"Allgemein\"},{\"@type\":\"BreadcrumbList\",\"@id\":\"https:\\\/\\\/wirtschaftspost-online.de\\\/?p=7740#breadcrumblist\",\"itemListElement\":[{\"@type\":\"ListItem\",\"@id\":\"https:\\\/\\\/wirtschaftspost-online.de#listItem\",\"position\":1,\"name\":\"Home\",\"item\":\"https:\\\/\\\/wirtschaftspost-online.de\",\"nextItem\":{\"@type\":\"ListItem\",\"@id\":\"https:\\\/\\\/wirtschaftspost-online.de\\\/?cat=1#listItem\",\"name\":\"Allgemein\"}},{\"@type\":\"ListItem\",\"@id\":\"https:\\\/\\\/wirtschaftspost-online.de\\\/?cat=1#listItem\",\"position\":2,\"name\":\"Allgemein\",\"item\":\"https:\\\/\\\/wirtschaftspost-online.de\\\/?cat=1\",\"nextItem\":{\"@type\":\"ListItem\",\"@id\":\"https:\\\/\\\/wirtschaftspost-online.de\\\/?p=7740#listItem\",\"name\":\"Traditioneller Adventsmarkt in W\\u00f6rlitz zog Besucher aus Nah und Fern an\"},\"previousItem\":{\"@type\":\"ListItem\",\"@id\":\"https:\\\/\\\/wirtschaftspost-online.de#listItem\",\"name\":\"Home\"}},{\"@type\":\"ListItem\",\"@id\":\"https:\\\/\\\/wirtschaftspost-online.de\\\/?p=7740#listItem\",\"position\":3,\"name\":\"Traditioneller Adventsmarkt in W\\u00f6rlitz zog Besucher aus Nah und Fern an\",\"previousItem\":{\"@type\":\"ListItem\",\"@id\":\"https:\\\/\\\/wirtschaftspost-online.de\\\/?cat=1#listItem\",\"name\":\"Allgemein\"}}]},{\"@type\":\"Organization\",\"@id\":\"https:\\\/\\\/wirtschaftspost-online.de\\\/#organization\",\"name\":\"Wirtschaftspost-Online\",\"description\":\"Das B2B-Online-Magazin in Sachsen, Sachsen-Anhalt und Th\\u00fcringen\",\"url\":\"https:\\\/\\\/wirtschaftspost-online.de\\\/\",\"logo\":{\"@type\":\"ImageObject\",\"url\":\"https:\\\/\\\/wirtschaftspost-online.de\\\/wp-content\\\/uploads\\\/2020\\\/04\\\/WIPO-Schriftzug-jpg-transparent-1-scaled.jpg\",\"@id\":\"https:\\\/\\\/wirtschaftspost-online.de\\\/?p=7740\\\/#organizationLogo\",\"width\":2560,\"height\":431},\"image\":{\"@id\":\"https:\\\/\\\/wirtschaftspost-online.de\\\/?p=7740\\\/#organizationLogo\"}},{\"@type\":\"Person\",\"@id\":\"https:\\\/\\\/wirtschaftspost-online.de\\\/?author=4#author\",\"url\":\"https:\\\/\\\/wirtschaftspost-online.de\\\/?author=4\",\"name\":\"Freimut Hengst\",\"image\":{\"@type\":\"ImageObject\",\"@id\":\"https:\\\/\\\/wirtschaftspost-online.de\\\/?p=7740#authorImage\",\"url\":\"https:\\\/\\\/secure.gravatar.com\\\/avatar\\\/0f2ae93d1e9fa2ebba95ab2cdfc9872bf20e1bd2a68c9a89aae61ac121856e5f?s=96&d=mm&r=g\",\"width\":96,\"height\":96,\"caption\":\"Freimut Hengst\"}},{\"@type\":\"WebPage\",\"@id\":\"https:\\\/\\\/wirtschaftspost-online.de\\\/?p=7740#webpage\",\"url\":\"https:\\\/\\\/wirtschaftspost-online.de\\\/?p=7740\",\"name\":\"Traditioneller Adventsmarkt in W\\u00f6rlitz zog Besucher aus Nah und Fern an - Wirtschaftspost-Online\",\"description\":\"Vom 29. November bis 1. Dezember l\\u00e4utete der \\u201eErste Advent in W\\u00f6rlitz\\u201c die besinnliche Vorweihnachtszeit im UNESCO-Welterbe Gartenreich Dessau-W\\u00f6rlitz ein. Zwischen Schloss und Park W\\u00f6rlitz, der St. Petri Kirche und der historischen Kulisse der Parkstadt wurde eine einmalige Atmosph\\u00e4re geboten, die bereits Jahr f\\u00fcr Jahr Besucher aus Nah und Fern anlockt und verzaubert. Unter stimmungsvollen\",\"inLanguage\":\"de-DE\",\"isPartOf\":{\"@id\":\"https:\\\/\\\/wirtschaftspost-online.de\\\/#website\"},\"breadcrumb\":{\"@id\":\"https:\\\/\\\/wirtschaftspost-online.de\\\/?p=7740#breadcrumblist\"},\"author\":{\"@id\":\"https:\\\/\\\/wirtschaftspost-online.de\\\/?author=4#author\"},\"creator\":{\"@id\":\"https:\\\/\\\/wirtschaftspost-online.de\\\/?author=4#author\"},\"datePublished\":\"2024-12-01T12:45:32+01:00\",\"dateModified\":\"2024-12-01T13:57:04+01:00\"},{\"@type\":\"WebSite\",\"@id\":\"https:\\\/\\\/wirtschaftspost-online.de\\\/#website\",\"url\":\"https:\\\/\\\/wirtschaftspost-online.de\\\/\",\"name\":\"Wirtschaftspost-Online\",\"description\":\"Das B2B-Online-Magazin in Sachsen, Sachsen-Anhalt und Th\\u00fcringen\",\"inLanguage\":\"de-DE\",\"publisher\":{\"@id\":\"https:\\\/\\\/wirtschaftspost-online.de\\\/#organization\"}}]}\n\t\t<\/script>\n\t\t<!-- All in One SEO -->\n\n","aioseo_head_json":{"title":"Traditioneller Adventsmarkt in W\u00f6rlitz zog Besucher aus Nah und Fern an - Wirtschaftspost-Online","description":"Vom 29. November bis 1. Dezember l\u00e4utete der \u201eErste Advent in W\u00f6rlitz\u201c die besinnliche Vorweihnachtszeit im UNESCO-Welterbe Gartenreich Dessau-W\u00f6rlitz ein. Zwischen Schloss und Park W\u00f6rlitz, der St. Petri Kirche und der historischen Kulisse der Parkstadt wurde eine einmalige Atmosph\u00e4re geboten, die bereits Jahr f\u00fcr Jahr Besucher aus Nah und Fern anlockt und verzaubert. Unter stimmungsvollen","canonical_url":"https:\/\/wirtschaftspost-online.de\/?p=7740","robots":"max-image-preview:large","keywords":"","webmasterTools":{"miscellaneous":""},"schema":{"@context":"https:\/\/schema.org","@graph":[{"@type":"BlogPosting","@id":"https:\/\/wirtschaftspost-online.de\/?p=7740#blogposting","name":"Traditioneller Adventsmarkt in W\u00f6rlitz zog Besucher aus Nah und Fern an - Wirtschaftspost-Online","headline":"Traditioneller Adventsmarkt in W\u00f6rlitz zog Besucher aus Nah und Fern an","author":{"@id":"https:\/\/wirtschaftspost-online.de\/?author=4#author"},"publisher":{"@id":"https:\/\/wirtschaftspost-online.de\/#organization"},"image":{"@type":"ImageObject","url":"https:\/\/wirtschaftspost-online.de\/wp-content\/uploads\/2024\/12\/sterne-am-himmel.jpg","@id":"https:\/\/wirtschaftspost-online.de\/?p=7740\/#articleImage","width":1200,"height":859},"datePublished":"2024-12-01T12:45:32+01:00","dateModified":"2024-12-01T13:57:04+01:00","inLanguage":"de-DE","mainEntityOfPage":{"@id":"https:\/\/wirtschaftspost-online.de\/?p=7740#webpage"},"isPartOf":{"@id":"https:\/\/wirtschaftspost-online.de\/?p=7740#webpage"},"articleSection":"Allgemein"},{"@type":"BreadcrumbList","@id":"https:\/\/wirtschaftspost-online.de\/?p=7740#breadcrumblist","itemListElement":[{"@type":"ListItem","@id":"https:\/\/wirtschaftspost-online.de#listItem","position":1,"name":"Home","item":"https:\/\/wirtschaftspost-online.de","nextItem":{"@type":"ListItem","@id":"https:\/\/wirtschaftspost-online.de\/?cat=1#listItem","name":"Allgemein"}},{"@type":"ListItem","@id":"https:\/\/wirtschaftspost-online.de\/?cat=1#listItem","position":2,"name":"Allgemein","item":"https:\/\/wirtschaftspost-online.de\/?cat=1","nextItem":{"@type":"ListItem","@id":"https:\/\/wirtschaftspost-online.de\/?p=7740#listItem","name":"Traditioneller Adventsmarkt in W\u00f6rlitz zog Besucher aus Nah und Fern an"},"previousItem":{"@type":"ListItem","@id":"https:\/\/wirtschaftspost-online.de#listItem","name":"Home"}},{"@type":"ListItem","@id":"https:\/\/wirtschaftspost-online.de\/?p=7740#listItem","position":3,"name":"Traditioneller Adventsmarkt in W\u00f6rlitz zog Besucher aus Nah und Fern an","previousItem":{"@type":"ListItem","@id":"https:\/\/wirtschaftspost-online.de\/?cat=1#listItem","name":"Allgemein"}}]},{"@type":"Organization","@id":"https:\/\/wirtschaftspost-online.de\/#organization","name":"Wirtschaftspost-Online","description":"Das B2B-Online-Magazin in Sachsen, Sachsen-Anhalt und Th\u00fcringen","url":"https:\/\/wirtschaftspost-online.de\/","logo":{"@type":"ImageObject","url":"https:\/\/wirtschaftspost-online.de\/wp-content\/uploads\/2020\/04\/WIPO-Schriftzug-jpg-transparent-1-scaled.jpg","@id":"https:\/\/wirtschaftspost-online.de\/?p=7740\/#organizationLogo","width":2560,"height":431},"image":{"@id":"https:\/\/wirtschaftspost-online.de\/?p=7740\/#organizationLogo"}},{"@type":"Person","@id":"https:\/\/wirtschaftspost-online.de\/?author=4#author","url":"https:\/\/wirtschaftspost-online.de\/?author=4","name":"Freimut Hengst","image":{"@type":"ImageObject","@id":"https:\/\/wirtschaftspost-online.de\/?p=7740#authorImage","url":"https:\/\/secure.gravatar.com\/avatar\/0f2ae93d1e9fa2ebba95ab2cdfc9872bf20e1bd2a68c9a89aae61ac121856e5f?s=96&d=mm&r=g","width":96,"height":96,"caption":"Freimut Hengst"}},{"@type":"WebPage","@id":"https:\/\/wirtschaftspost-online.de\/?p=7740#webpage","url":"https:\/\/wirtschaftspost-online.de\/?p=7740","name":"Traditioneller Adventsmarkt in W\u00f6rlitz zog Besucher aus Nah und Fern an - Wirtschaftspost-Online","description":"Vom 29. November bis 1. Dezember l\u00e4utete der \u201eErste Advent in W\u00f6rlitz\u201c die besinnliche Vorweihnachtszeit im UNESCO-Welterbe Gartenreich Dessau-W\u00f6rlitz ein. Zwischen Schloss und Park W\u00f6rlitz, der St. Petri Kirche und der historischen Kulisse der Parkstadt wurde eine einmalige Atmosph\u00e4re geboten, die bereits Jahr f\u00fcr Jahr Besucher aus Nah und Fern anlockt und verzaubert. Unter stimmungsvollen","inLanguage":"de-DE","isPartOf":{"@id":"https:\/\/wirtschaftspost-online.de\/#website"},"breadcrumb":{"@id":"https:\/\/wirtschaftspost-online.de\/?p=7740#breadcrumblist"},"author":{"@id":"https:\/\/wirtschaftspost-online.de\/?author=4#author"},"creator":{"@id":"https:\/\/wirtschaftspost-online.de\/?author=4#author"},"datePublished":"2024-12-01T12:45:32+01:00","dateModified":"2024-12-01T13:57:04+01:00"},{"@type":"WebSite","@id":"https:\/\/wirtschaftspost-online.de\/#website","url":"https:\/\/wirtschaftspost-online.de\/","name":"Wirtschaftspost-Online","description":"Das B2B-Online-Magazin in Sachsen, Sachsen-Anhalt und Th\u00fcringen","inLanguage":"de-DE","publisher":{"@id":"https:\/\/wirtschaftspost-online.de\/#organization"}}]},"og:locale":"de_DE","og:site_name":"Wirtschaftspost-Online - Das B2B-Online-Magazin in Sachsen, Sachsen-Anhalt und Th\u00fcringen","og:type":"article","og:title":"Traditioneller Adventsmarkt in W\u00f6rlitz zog Besucher aus Nah und Fern an - Wirtschaftspost-Online","og:description":"Vom 29. November bis 1. Dezember l\u00e4utete der \u201eErste Advent in W\u00f6rlitz\u201c die besinnliche Vorweihnachtszeit im UNESCO-Welterbe Gartenreich Dessau-W\u00f6rlitz ein. Zwischen Schloss und Park W\u00f6rlitz, der St. Petri Kirche und der historischen Kulisse der Parkstadt wurde eine einmalige Atmosph\u00e4re geboten, die bereits Jahr f\u00fcr Jahr Besucher aus Nah und Fern anlockt und verzaubert. Unter stimmungsvollen","og:url":"https:\/\/wirtschaftspost-online.de\/?p=7740","og:image":"https:\/\/wirtschaftspost-online.de\/wp-content\/uploads\/2022\/01\/Header_SZ_3.png","og:image:secure_url":"https:\/\/wirtschaftspost-online.de\/wp-content\/uploads\/2022\/01\/Header_SZ_3.png","article:published_time":"2024-12-01T11:45:32+00:00","article:modified_time":"2024-12-01T12:57:04+00:00","twitter:card":"summary","twitter:title":"Traditioneller Adventsmarkt in W\u00f6rlitz zog Besucher aus Nah und Fern an - Wirtschaftspost-Online","twitter:description":"Vom 29. November bis 1. Dezember l\u00e4utete der \u201eErste Advent in W\u00f6rlitz\u201c die besinnliche Vorweihnachtszeit im UNESCO-Welterbe Gartenreich Dessau-W\u00f6rlitz ein. Zwischen Schloss und Park W\u00f6rlitz, der St. Petri Kirche und der historischen Kulisse der Parkstadt wurde eine einmalige Atmosph\u00e4re geboten, die bereits Jahr f\u00fcr Jahr Besucher aus Nah und Fern anlockt und verzaubert. Unter stimmungsvollen","twitter:image":"https:\/\/wirtschaftspost-online.de\/wp-content\/uploads\/2022\/01\/Header_SZ_3.png"},"aioseo_meta_data":{"post_id":"7740","title":null,"description":null,"keywords":null,"keyphrases":{"focus":{"keyphrase":"","score":0,"analysis":{"keyphraseInTitle":{"score":0,"maxScore":9,"error":1}}},"additional":[]},"primary_term":null,"canonical_url":null,"og_title":null,"og_description":null,"og_object_type":"default","og_image_type":"default","og_image_url":null,"og_image_width":null,"og_image_height":null,"og_image_custom_url":null,"og_image_custom_fields":null,"og_video":"","og_custom_url":null,"og_article_section":null,"og_article_tags":null,"twitter_use_og":false,"twitter_card":"default","twitter_image_type":"default","twitter_image_url":null,"twitter_image_custom_url":null,"twitter_image_custom_fields":null,"twitter_title":null,"twitter_description":null,"schema":{"blockGraphs":[],"customGraphs":[],"default":{"data":{"Article":[],"Course":[],"Dataset":[],"FAQPage":[],"Movie":[],"Person":[],"Product":[],"ProductReview":[],"Car":[],"Recipe":[],"Service":[],"SoftwareApplication":[],"WebPage":[]},"graphName":"BlogPosting","isEnabled":true},"graphs":[]},"schema_type":"default","schema_type_options":null,"pillar_content":false,"robots_default":true,"robots_noindex":false,"robots_noarchive":false,"robots_nosnippet":false,"robots_nofollow":false,"robots_noimageindex":false,"robots_noodp":false,"robots_notranslate":false,"robots_max_snippet":"-1","robots_max_videopreview":"-1","robots_max_imagepreview":"large","priority":null,"frequency":"default","local_seo":null,"breadcrumb_settings":null,"limit_modified_date":false,"ai":null,"created":"2024-12-01 11:33:09","updated":"2025-07-16 21:57:12","seo_analyzer_scan_date":null},"aioseo_breadcrumb":"<div class=\"aioseo-breadcrumbs\"><span class=\"aioseo-breadcrumb\">\n\t\t\t<a href=\"https:\/\/wirtschaftspost-online.de\" title=\"Home\">Home<\/a>\n\t\t<\/span><span class=\"aioseo-breadcrumb-separator\">&raquo;<\/span><span class=\"aioseo-breadcrumb\">\n\t\t\t<a href=\"https:\/\/wirtschaftspost-online.de\/?cat=1\" title=\"Allgemein\">Allgemein<\/a>\n\t\t<\/span><span class=\"aioseo-breadcrumb-separator\">&raquo;<\/span><span class=\"aioseo-breadcrumb\">\n\t\t\tTraditioneller Adventsmarkt in W\u00f6rlitz zog Besucher aus Nah und Fern an\n\t\t<\/span><\/div>","aioseo_breadcrumb_json":[{"label":"Home","link":"https:\/\/wirtschaftspost-online.de"},{"label":"Allgemein","link":"https:\/\/wirtschaftspost-online.de\/?cat=1"},{"label":"Traditioneller Adventsmarkt in W\u00f6rlitz zog Besucher aus Nah und Fern an","link":"https:\/\/wirtschaftspost-online.de\/?p=7740"}],"_links":{"self":[{"href":"https:\/\/wirtschaftspost-online.de\/index.php?rest_route=\/wp\/v2\/posts\/7740","targetHints":{"allow":["GET"]}}],"collection":[{"href":"https:\/\/wirtschaftspost-online.de\/index.php?rest_route=\/wp\/v2\/posts"}],"about":[{"href":"https:\/\/wirtschaftspost-online.de\/index.php?rest_route=\/wp\/v2\/types\/post"}],"author":[{"embeddable":true,"href":"https:\/\/wirtschaftspost-online.de\/index.php?rest_route=\/wp\/v2\/users\/4"}],"replies":[{"embeddable":true,"href":"https:\/\/wirtschaftspost-online.de\/index.php?rest_route=%2Fwp%2Fv2%2Fcomments&post=7740"}],"version-history":[{"count":4,"href":"https:\/\/wirtschaftspost-online.de\/index.php?rest_route=\/wp\/v2\/posts\/7740\/revisions"}],"predecessor-version":[{"id":7752,"href":"https:\/\/wirtschaftspost-online.de\/index.php?rest_route=\/wp\/v2\/posts\/7740\/revisions\/7752"}],"wp:attachment":[{"href":"https:\/\/wirtschaftspost-online.de\/index.php?rest_route=%2Fwp%2Fv2%2Fmedia&parent=7740"}],"wp:term":[{"taxonomy":"category","embeddable":true,"href":"https:\/\/wirtschaftspost-online.de\/index.php?rest_route=%2Fwp%2Fv2%2Fcategories&post=7740"},{"taxonomy":"post_tag","embeddable":true,"href":"https:\/\/wirtschaftspost-online.de\/index.php?rest_route=%2Fwp%2Fv2%2Ftags&post=7740"}],"curies":[{"name":"wp","href":"https:\/\/api.w.org\/{rel}","templated":true}]}}